{"id":868,"date":"2016-04-20T17:05:02","date_gmt":"2016-04-20T15:05:02","guid":{"rendered":"http:\/\/rw-moisling.de\/?p=868"},"modified":"2017-06-06T17:17:43","modified_gmt":"2017-06-06T15:17:43","slug":"fruehlingspokal-2016-geht-an-moisling","status":"publish","type":"post","link":"https:\/\/rw-moisling.de\/index.php\/2016\/04\/20\/fruehlingspokal-2016-geht-an-moisling\/","title":{"rendered":"Fr\u00fchlingspokal 2016 geht an Moisling"},"content":{"rendered":"<p class=\"bodytext\"><a href=\"https:\/\/rw-moisling.de\/wp-content\/uploads\/2017\/06\/csm_IMG-20160417-WA0000_9f81037cc5.jpeg\"><img loading=\"lazy\" decoding=\"async\" class=\"size-medium wp-image-869 alignright\" src=\"https:\/\/rw-moisling.de\/wp-content\/uploads\/2017\/06\/csm_IMG-20160417-WA0000_9f81037cc5-225x300.jpeg\" alt=\"\" width=\"225\" height=\"300\" srcset=\"https:\/\/rw-moisling.de\/wp-content\/uploads\/2017\/06\/csm_IMG-20160417-WA0000_9f81037cc5-225x300.jpeg 225w, https:\/\/rw-moisling.de\/wp-content\/uploads\/2017\/06\/csm_IMG-20160417-WA0000_9f81037cc5-768x1024.jpeg 768w, https:\/\/rw-moisling.de\/wp-content\/uploads\/2017\/06\/csm_IMG-20160417-WA0000_9f81037cc5.jpeg 800w\" sizes=\"auto, (max-width: 225px) 100vw, 225px\" \/><\/a>Am Sonntag freuten sich die Moislinger Sportler \u00fcber den Gewinn des Fr\u00fchlingspokals 2016.<\/p>\n<p class=\"bodytext\">Als Bewertungsgrundlage z\u00e4hlte an diesem Tag der geringste durchschnittliche Abzug pro Sportler und die Moislinger stellen wieder einmal ihr K\u00f6nnen unter Beweis.<\/p>\n<p class=\"bodytext\">Auf Platz 2 kam der Schweriner RV und den 3. Platz belegte der Heikendorfer SV.<\/p>\n","protected":false},"excerpt":{"rendered":"<p>Am Sonntag freuten sich die Moislinger Sportler \u00fcber den Gewinn des Fr\u00fchlingspokals 2016. Als Bewertungsgrundlage z\u00e4hlte an diesem Tag der geringste durchschnittliche Abzug pro Sportler und die Moislinger stellen wieder einmal ihr K\u00f6nnen unter Beweis.&hellip;<\/p>\n","protected":false},"author":1,"featured_media":869,"comment_status":"closed","ping_status":"closed","sticky":false,"template":"","format":"standard","meta":{"footnotes":""},"categories":[13],"tags":[],"class_list":["post-868","post","type-post","status-publish","format-standard","has-post-thumbnail","hentry","category-news"],"yoast_head":"<!-- This site is optimized with the Yoast SEO plugin v27.5 - https:\/\/yoast.com\/product\/yoast-seo-wordpress\/ -->\n<title>Fr\u00fchlingspokal 2016 geht an Moisling - Rot-Wei\u00df Moisling<\/title>\n<meta name=\"robots\" content=\"index, follow, max-snippet:-1, max-image-preview:large, max-video-preview:-1\" \/>\n<link rel=\"canonical\" href=\"https:\/\/rw-moisling.de\/index.php\/2016\/04\/20\/fruehlingspokal-2016-geht-an-moisling\/\" \/>\n<meta property=\"og:locale\" content=\"de_DE\" \/>\n<meta property=\"og:type\" content=\"article\" \/>\n<meta property=\"og:title\" content=\"Fr\u00fchlingspokal 2016 geht an Moisling - Rot-Wei\u00df Moisling\" \/>\n<meta property=\"og:description\" content=\"Am Sonntag freuten sich die Moislinger Sportler \u00fcber den Gewinn des Fr\u00fchlingspokals 2016. Als Bewertungsgrundlage z\u00e4hlte an diesem Tag der geringste durchschnittliche Abzug pro Sportler und die Moislinger stellen wieder einmal ihr K\u00f6nnen unter Beweis.&hellip;\" \/>\n<meta property=\"og:url\" content=\"https:\/\/rw-moisling.de\/index.php\/2016\/04\/20\/fruehlingspokal-2016-geht-an-moisling\/\" \/>\n<meta property=\"og:site_name\" content=\"Rot-Wei\u00df Moisling\" \/>\n<meta property=\"article:published_time\" content=\"2016-04-20T15:05:02+00:00\" \/>\n<meta property=\"article:modified_time\" content=\"2017-06-06T15:17:43+00:00\" \/>\n<meta property=\"og:image\" content=\"https:\/\/rw-moisling.de\/wp-content\/uploads\/2017\/06\/csm_IMG-20160417-WA0000_9f81037cc5.jpeg\" \/>\n\t<meta property=\"og:image:width\" content=\"800\" \/>\n\t<meta property=\"og:image:height\" content=\"1067\" \/>\n\t<meta property=\"og:image:type\" content=\"image\/jpeg\" \/>\n<meta name=\"author\" content=\"admin\" \/>\n<meta name=\"twitter:card\" content=\"summary_large_image\" \/>\n<meta name=\"twitter:label1\" content=\"Verfasst von\" \/>\n\t<meta name=\"twitter:data1\" content=\"admin\" \/>\n<script type=\"application\/ld+json\" class=\"yoast-schema-graph\">{\"@context\":\"https:\\\/\\\/schema.org\",\"@graph\":[{\"@type\":\"Article\",\"@id\":\"https:\\\/\\\/rw-moisling.de\\\/index.php\\\/2016\\\/04\\\/20\\\/fruehlingspokal-2016-geht-an-moisling\\\/#article\",\"isPartOf\":{\"@id\":\"https:\\\/\\\/rw-moisling.de\\\/index.php\\\/2016\\\/04\\\/20\\\/fruehlingspokal-2016-geht-an-moisling\\\/\"},\"author\":{\"name\":\"admin\",\"@id\":\"https:\\\/\\\/rw-moisling.de\\\/#\\\/schema\\\/person\\\/7e939f3a68a6a14f1fbb3439753d1a45\"},\"headline\":\"Fr\u00fchlingspokal 2016 geht an Moisling\",\"datePublished\":\"2016-04-20T15:05:02+00:00\",\"dateModified\":\"2017-06-06T15:17:43+00:00\",\"mainEntityOfPage\":{\"@id\":\"https:\\\/\\\/rw-moisling.de\\\/index.php\\\/2016\\\/04\\\/20\\\/fruehlingspokal-2016-geht-an-moisling\\\/\"},\"wordCount\":55,\"image\":{\"@id\":\"https:\\\/\\\/rw-moisling.de\\\/index.php\\\/2016\\\/04\\\/20\\\/fruehlingspokal-2016-geht-an-moisling\\\/#primaryimage\"},\"thumbnailUrl\":\"https:\\\/\\\/rw-moisling.de\\\/wp-content\\\/uploads\\\/2017\\\/06\\\/csm_IMG-20160417-WA0000_9f81037cc5.jpeg\",\"articleSection\":[\"News\"],\"inLanguage\":\"de\"},{\"@type\":\"WebPage\",\"@id\":\"https:\\\/\\\/rw-moisling.de\\\/index.php\\\/2016\\\/04\\\/20\\\/fruehlingspokal-2016-geht-an-moisling\\\/\",\"url\":\"https:\\\/\\\/rw-moisling.de\\\/index.php\\\/2016\\\/04\\\/20\\\/fruehlingspokal-2016-geht-an-moisling\\\/\",\"name\":\"Fr\u00fchlingspokal 2016 geht an Moisling - Rot-Wei\u00df Moisling\",\"isPartOf\":{\"@id\":\"https:\\\/\\\/rw-moisling.de\\\/#website\"},\"primaryImageOfPage\":{\"@id\":\"https:\\\/\\\/rw-moisling.de\\\/index.php\\\/2016\\\/04\\\/20\\\/fruehlingspokal-2016-geht-an-moisling\\\/#primaryimage\"},\"image\":{\"@id\":\"https:\\\/\\\/rw-moisling.de\\\/index.php\\\/2016\\\/04\\\/20\\\/fruehlingspokal-2016-geht-an-moisling\\\/#primaryimage\"},\"thumbnailUrl\":\"https:\\\/\\\/rw-moisling.de\\\/wp-content\\\/uploads\\\/2017\\\/06\\\/csm_IMG-20160417-WA0000_9f81037cc5.jpeg\",\"datePublished\":\"2016-04-20T15:05:02+00:00\",\"dateModified\":\"2017-06-06T15:17:43+00:00\",\"author\":{\"@id\":\"https:\\\/\\\/rw-moisling.de\\\/#\\\/schema\\\/person\\\/7e939f3a68a6a14f1fbb3439753d1a45\"},\"breadcrumb\":{\"@id\":\"https:\\\/\\\/rw-moisling.de\\\/index.php\\\/2016\\\/04\\\/20\\\/fruehlingspokal-2016-geht-an-moisling\\\/#breadcrumb\"},\"inLanguage\":\"de\",\"potentialAction\":[{\"@type\":\"ReadAction\",\"target\":[\"https:\\\/\\\/rw-moisling.de\\\/index.php\\\/2016\\\/04\\\/20\\\/fruehlingspokal-2016-geht-an-moisling\\\/\"]}]},{\"@type\":\"ImageObject\",\"inLanguage\":\"de\",\"@id\":\"https:\\\/\\\/rw-moisling.de\\\/index.php\\\/2016\\\/04\\\/20\\\/fruehlingspokal-2016-geht-an-moisling\\\/#primaryimage\",\"url\":\"https:\\\/\\\/rw-moisling.de\\\/wp-content\\\/uploads\\\/2017\\\/06\\\/csm_IMG-20160417-WA0000_9f81037cc5.jpeg\",\"contentUrl\":\"https:\\\/\\\/rw-moisling.de\\\/wp-content\\\/uploads\\\/2017\\\/06\\\/csm_IMG-20160417-WA0000_9f81037cc5.jpeg\",\"width\":800,\"height\":1067},{\"@type\":\"BreadcrumbList\",\"@id\":\"https:\\\/\\\/rw-moisling.de\\\/index.php\\\/2016\\\/04\\\/20\\\/fruehlingspokal-2016-geht-an-moisling\\\/#breadcrumb\",\"itemListElement\":[{\"@type\":\"ListItem\",\"position\":1,\"name\":\"Startseite\",\"item\":\"https:\\\/\\\/rw-moisling.de\\\/\"},{\"@type\":\"ListItem\",\"position\":2,\"name\":\"Fr\u00fchlingspokal 2016 geht an Moisling\"}]},{\"@type\":\"WebSite\",\"@id\":\"https:\\\/\\\/rw-moisling.de\\\/#website\",\"url\":\"https:\\\/\\\/rw-moisling.de\\\/\",\"name\":\"Rot-Wei\u00df Moisling von 1911 e.V.\",\"description\":\"\",\"potentialAction\":[{\"@type\":\"SearchAction\",\"target\":{\"@type\":\"EntryPoint\",\"urlTemplate\":\"https:\\\/\\\/rw-moisling.de\\\/?s={search_term_string}\"},\"query-input\":{\"@type\":\"PropertyValueSpecification\",\"valueRequired\":true,\"valueName\":\"search_term_string\"}}],\"inLanguage\":\"de\"},{\"@type\":\"Person\",\"@id\":\"https:\\\/\\\/rw-moisling.de\\\/#\\\/schema\\\/person\\\/7e939f3a68a6a14f1fbb3439753d1a45\",\"name\":\"admin\",\"url\":\"https:\\\/\\\/rw-moisling.de\\\/index.php\\\/author\\\/admin\\\/\"}]}<\/script>\n<!-- \/ Yoast SEO plugin. -->","yoast_head_json":{"title":"Fr\u00fchlingspokal 2016 geht an Moisling - Rot-Wei\u00df Moisling","robots":{"index":"index","follow":"follow","max-snippet":"max-snippet:-1","max-image-preview":"max-image-preview:large","max-video-preview":"max-video-preview:-1"},"canonical":"https:\/\/rw-moisling.de\/index.php\/2016\/04\/20\/fruehlingspokal-2016-geht-an-moisling\/","og_locale":"de_DE","og_type":"article","og_title":"Fr\u00fchlingspokal 2016 geht an Moisling - Rot-Wei\u00df Moisling","og_description":"Am Sonntag freuten sich die Moislinger Sportler \u00fcber den Gewinn des Fr\u00fchlingspokals 2016. Als Bewertungsgrundlage z\u00e4hlte an diesem Tag der geringste durchschnittliche Abzug pro Sportler und die Moislinger stellen wieder einmal ihr K\u00f6nnen unter Beweis.&hellip;","og_url":"https:\/\/rw-moisling.de\/index.php\/2016\/04\/20\/fruehlingspokal-2016-geht-an-moisling\/","og_site_name":"Rot-Wei\u00df Moisling","article_published_time":"2016-04-20T15:05:02+00:00","article_modified_time":"2017-06-06T15:17:43+00:00","og_image":[{"width":800,"height":1067,"url":"https:\/\/rw-moisling.de\/wp-content\/uploads\/2017\/06\/csm_IMG-20160417-WA0000_9f81037cc5.jpeg","type":"image\/jpeg"}],"author":"admin","twitter_card":"summary_large_image","twitter_misc":{"Verfasst von":"admin"},"schema":{"@context":"https:\/\/schema.org","@graph":[{"@type":"Article","@id":"https:\/\/rw-moisling.de\/index.php\/2016\/04\/20\/fruehlingspokal-2016-geht-an-moisling\/#article","isPartOf":{"@id":"https:\/\/rw-moisling.de\/index.php\/2016\/04\/20\/fruehlingspokal-2016-geht-an-moisling\/"},"author":{"name":"admin","@id":"https:\/\/rw-moisling.de\/#\/schema\/person\/7e939f3a68a6a14f1fbb3439753d1a45"},"headline":"Fr\u00fchlingspokal 2016 geht an Moisling","datePublished":"2016-04-20T15:05:02+00:00","dateModified":"2017-06-06T15:17:43+00:00","mainEntityOfPage":{"@id":"https:\/\/rw-moisling.de\/index.php\/2016\/04\/20\/fruehlingspokal-2016-geht-an-moisling\/"},"wordCount":55,"image":{"@id":"https:\/\/rw-moisling.de\/index.php\/2016\/04\/20\/fruehlingspokal-2016-geht-an-moisling\/#primaryimage"},"thumbnailUrl":"https:\/\/rw-moisling.de\/wp-content\/uploads\/2017\/06\/csm_IMG-20160417-WA0000_9f81037cc5.jpeg","articleSection":["News"],"inLanguage":"de"},{"@type":"WebPage","@id":"https:\/\/rw-moisling.de\/index.php\/2016\/04\/20\/fruehlingspokal-2016-geht-an-moisling\/","url":"https:\/\/rw-moisling.de\/index.php\/2016\/04\/20\/fruehlingspokal-2016-geht-an-moisling\/","name":"Fr\u00fchlingspokal 2016 geht an Moisling - Rot-Wei\u00df Moisling","isPartOf":{"@id":"https:\/\/rw-moisling.de\/#website"},"primaryImageOfPage":{"@id":"https:\/\/rw-moisling.de\/index.php\/2016\/04\/20\/fruehlingspokal-2016-geht-an-moisling\/#primaryimage"},"image":{"@id":"https:\/\/rw-moisling.de\/index.php\/2016\/04\/20\/fruehlingspokal-2016-geht-an-moisling\/#primaryimage"},"thumbnailUrl":"https:\/\/rw-moisling.de\/wp-content\/uploads\/2017\/06\/csm_IMG-20160417-WA0000_9f81037cc5.jpeg","datePublished":"2016-04-20T15:05:02+00:00","dateModified":"2017-06-06T15:17:43+00:00","author":{"@id":"https:\/\/rw-moisling.de\/#\/schema\/person\/7e939f3a68a6a14f1fbb3439753d1a45"},"breadcrumb":{"@id":"https:\/\/rw-moisling.de\/index.php\/2016\/04\/20\/fruehlingspokal-2016-geht-an-moisling\/#breadcrumb"},"inLanguage":"de","potentialAction":[{"@type":"ReadAction","target":["https:\/\/rw-moisling.de\/index.php\/2016\/04\/20\/fruehlingspokal-2016-geht-an-moisling\/"]}]},{"@type":"ImageObject","inLanguage":"de","@id":"https:\/\/rw-moisling.de\/index.php\/2016\/04\/20\/fruehlingspokal-2016-geht-an-moisling\/#primaryimage","url":"https:\/\/rw-moisling.de\/wp-content\/uploads\/2017\/06\/csm_IMG-20160417-WA0000_9f81037cc5.jpeg","contentUrl":"https:\/\/rw-moisling.de\/wp-content\/uploads\/2017\/06\/csm_IMG-20160417-WA0000_9f81037cc5.jpeg","width":800,"height":1067},{"@type":"BreadcrumbList","@id":"https:\/\/rw-moisling.de\/index.php\/2016\/04\/20\/fruehlingspokal-2016-geht-an-moisling\/#breadcrumb","itemListElement":[{"@type":"ListItem","position":1,"name":"Startseite","item":"https:\/\/rw-moisling.de\/"},{"@type":"ListItem","position":2,"name":"Fr\u00fchlingspokal 2016 geht an Moisling"}]},{"@type":"WebSite","@id":"https:\/\/rw-moisling.de\/#website","url":"https:\/\/rw-moisling.de\/","name":"Rot-Wei\u00df Moisling von 1911 e.V.","description":"","potentialAction":[{"@type":"SearchAction","target":{"@type":"EntryPoint","urlTemplate":"https:\/\/rw-moisling.de\/?s={search_term_string}"},"query-input":{"@type":"PropertyValueSpecification","valueRequired":true,"valueName":"search_term_string"}}],"inLanguage":"de"},{"@type":"Person","@id":"https:\/\/rw-moisling.de\/#\/schema\/person\/7e939f3a68a6a14f1fbb3439753d1a45","name":"admin","url":"https:\/\/rw-moisling.de\/index.php\/author\/admin\/"}]}},"_links":{"self":[{"href":"https:\/\/rw-moisling.de\/index.php\/wp-json\/wp\/v2\/posts\/868","targetHints":{"allow":["GET"]}}],"collection":[{"href":"https:\/\/rw-moisling.de\/index.php\/wp-json\/wp\/v2\/posts"}],"about":[{"href":"https:\/\/rw-moisling.de\/index.php\/wp-json\/wp\/v2\/types\/post"}],"author":[{"embeddable":true,"href":"https:\/\/rw-moisling.de\/index.php\/wp-json\/wp\/v2\/users\/1"}],"replies":[{"embeddable":true,"href":"https:\/\/rw-moisling.de\/index.php\/wp-json\/wp\/v2\/comments?post=868"}],"version-history":[{"count":1,"href":"https:\/\/rw-moisling.de\/index.php\/wp-json\/wp\/v2\/posts\/868\/revisions"}],"predecessor-version":[{"id":870,"href":"https:\/\/rw-moisling.de\/index.php\/wp-json\/wp\/v2\/posts\/868\/revisions\/870"}],"wp:featuredmedia":[{"embeddable":true,"href":"https:\/\/rw-moisling.de\/index.php\/wp-json\/wp\/v2\/media\/869"}],"wp:attachment":[{"href":"https:\/\/rw-moisling.de\/index.php\/wp-json\/wp\/v2\/media?parent=868"}],"wp:term":[{"taxonomy":"category","embeddable":true,"href":"https:\/\/rw-moisling.de\/index.php\/wp-json\/wp\/v2\/categories?post=868"},{"taxonomy":"post_tag","embeddable":true,"href":"https:\/\/rw-moisling.de\/index.php\/wp-json\/wp\/v2\/tags?post=868"}],"curies":[{"name":"wp","href":"https:\/\/api.w.org\/{rel}","templated":true}]}}