{"id":3982,"date":"2025-02-26T22:18:06","date_gmt":"2025-02-26T21:18:06","guid":{"rendered":"https:\/\/rw-moisling.de\/?p=3982"},"modified":"2025-03-05T13:43:58","modified_gmt":"2025-03-05T12:43:58","slug":"warum","status":"publish","type":"post","link":"https:\/\/rw-moisling.de\/index.php\/2025\/02\/26\/warum\/","title":{"rendered":"Warum???"},"content":{"rendered":"<p>Am 09. Februar 2025 verstarb unser langj\u00e4hriges Mitglied und Trainer Professor Dr. Lars Draack pl\u00f6tzlich und unerwartet.<\/p>\n<p>Mit \u00fcber 30 Jahren Karateerfahrung hat er die Karateabteilung von Rot-Wei\u00df Moisling nachhaltig gepr\u00e4gt. Auf seine lockere und humorvolle Art, gab er sein Wissen immer gerne an andere weiter. Jetzt hat Lars als Tr\u00e4ger des 5. DAN (Schwarzgurt) mit nur 53 Jahren seinen letzten &#8222;Kampf&#8220; f\u00fcr immer verloren&#8230;.<\/p>\n<p>Aktive und ehemalige werden Lars f\u00fcr immer in guter Erinnerung behalten.<\/p>\n<p><img loading=\"lazy\" decoding=\"async\" class=\"wp-image-3992 alignnone\" src=\"https:\/\/rw-moisling.de\/wp-content\/uploads\/2025\/02\/Bildschirmfoto-vom-2025-02-26-21-53-29-248x300.png\" alt=\"\" width=\"96\" height=\"116\" srcset=\"https:\/\/rw-moisling.de\/wp-content\/uploads\/2025\/02\/Bildschirmfoto-vom-2025-02-26-21-53-29-248x300.png 248w, https:\/\/rw-moisling.de\/wp-content\/uploads\/2025\/02\/Bildschirmfoto-vom-2025-02-26-21-53-29-848x1024.png 848w, https:\/\/rw-moisling.de\/wp-content\/uploads\/2025\/02\/Bildschirmfoto-vom-2025-02-26-21-53-29-768x927.png 768w, https:\/\/rw-moisling.de\/wp-content\/uploads\/2025\/02\/Bildschirmfoto-vom-2025-02-26-21-53-29.png 936w\" sizes=\"auto, (max-width: 96px) 100vw, 96px\" \/><\/p>\n<p>Ruhe in Frieden.<\/p>\n","protected":false},"excerpt":{"rendered":"<p>Am 09. Februar 2025 verstarb unser langj\u00e4hriges Mitglied und Trainer Professor Dr. Lars Draack pl\u00f6tzlich und unerwartet. Mit \u00fcber 30 Jahren Karateerfahrung hat er die Karateabteilung von Rot-Wei\u00df Moisling nachhaltig gepr\u00e4gt. Auf seine lockere und&hellip;<\/p>\n","protected":false},"author":12,"featured_media":3992,"comment_status":"closed","ping_status":"closed","sticky":false,"template":"","format":"standard","meta":{"footnotes":""},"categories":[8,1,10],"tags":[],"class_list":["post-3982","post","type-post","status-publish","format-standard","has-post-thumbnail","hentry","category-karate-aktuelles","category-allgemein","category-karate"],"yoast_head":"<!-- This site is optimized with the Yoast SEO plugin v27.5 - https:\/\/yoast.com\/product\/yoast-seo-wordpress\/ -->\n<title>Warum??? - Rot-Wei\u00df Moisling<\/title>\n<meta name=\"robots\" content=\"index, follow, max-snippet:-1, max-image-preview:large, max-video-preview:-1\" \/>\n<link rel=\"canonical\" href=\"https:\/\/rw-moisling.de\/index.php\/2025\/02\/26\/warum\/\" \/>\n<meta property=\"og:locale\" content=\"de_DE\" \/>\n<meta property=\"og:type\" content=\"article\" \/>\n<meta property=\"og:title\" content=\"Warum??? - Rot-Wei\u00df Moisling\" \/>\n<meta property=\"og:description\" content=\"Am 09. Februar 2025 verstarb unser langj\u00e4hriges Mitglied und Trainer Professor Dr. Lars Draack pl\u00f6tzlich und unerwartet. Mit \u00fcber 30 Jahren Karateerfahrung hat er die Karateabteilung von Rot-Wei\u00df Moisling nachhaltig gepr\u00e4gt. Auf seine lockere und&hellip;\" \/>\n<meta property=\"og:url\" content=\"https:\/\/rw-moisling.de\/index.php\/2025\/02\/26\/warum\/\" \/>\n<meta property=\"og:site_name\" content=\"Rot-Wei\u00df Moisling\" \/>\n<meta property=\"article:published_time\" content=\"2025-02-26T21:18:06+00:00\" \/>\n<meta property=\"article:modified_time\" content=\"2025-03-05T12:43:58+00:00\" \/>\n<meta property=\"og:image\" content=\"https:\/\/rw-moisling.de\/wp-content\/uploads\/2025\/02\/Bildschirmfoto-vom-2025-02-26-21-53-29.png\" \/>\n\t<meta property=\"og:image:width\" content=\"936\" \/>\n\t<meta property=\"og:image:height\" content=\"1130\" \/>\n\t<meta property=\"og:image:type\" content=\"image\/png\" \/>\n<meta name=\"author\" content=\"J\u00f6rg\" \/>\n<meta name=\"twitter:card\" content=\"summary_large_image\" \/>\n<meta name=\"twitter:label1\" content=\"Verfasst von\" \/>\n\t<meta name=\"twitter:data1\" content=\"J\u00f6rg\" \/>\n\t<meta name=\"twitter:label2\" content=\"Gesch\u00e4tzte Lesezeit\" \/>\n\t<meta name=\"twitter:data2\" content=\"1\u00a0Minute\" \/>\n<script type=\"application\/ld+json\" class=\"yoast-schema-graph\">{\"@context\":\"https:\\\/\\\/schema.org\",\"@graph\":[{\"@type\":\"Article\",\"@id\":\"https:\\\/\\\/rw-moisling.de\\\/index.php\\\/2025\\\/02\\\/26\\\/warum\\\/#article\",\"isPartOf\":{\"@id\":\"https:\\\/\\\/rw-moisling.de\\\/index.php\\\/2025\\\/02\\\/26\\\/warum\\\/\"},\"author\":{\"name\":\"J\u00f6rg\",\"@id\":\"https:\\\/\\\/rw-moisling.de\\\/#\\\/schema\\\/person\\\/7b30c094af8bfb9523fda358f554b332\"},\"headline\":\"Warum???\",\"datePublished\":\"2025-02-26T21:18:06+00:00\",\"dateModified\":\"2025-03-05T12:43:58+00:00\",\"mainEntityOfPage\":{\"@id\":\"https:\\\/\\\/rw-moisling.de\\\/index.php\\\/2025\\\/02\\\/26\\\/warum\\\/\"},\"wordCount\":81,\"image\":{\"@id\":\"https:\\\/\\\/rw-moisling.de\\\/index.php\\\/2025\\\/02\\\/26\\\/warum\\\/#primaryimage\"},\"thumbnailUrl\":\"https:\\\/\\\/rw-moisling.de\\\/wp-content\\\/uploads\\\/2025\\\/02\\\/Bildschirmfoto-vom-2025-02-26-21-53-29.png\",\"articleSection\":{\"0\":\"Aktuelles\",\"2\":\"Karate\"},\"inLanguage\":\"de\"},{\"@type\":\"WebPage\",\"@id\":\"https:\\\/\\\/rw-moisling.de\\\/index.php\\\/2025\\\/02\\\/26\\\/warum\\\/\",\"url\":\"https:\\\/\\\/rw-moisling.de\\\/index.php\\\/2025\\\/02\\\/26\\\/warum\\\/\",\"name\":\"Warum??? - Rot-Wei\u00df Moisling\",\"isPartOf\":{\"@id\":\"https:\\\/\\\/rw-moisling.de\\\/#website\"},\"primaryImageOfPage\":{\"@id\":\"https:\\\/\\\/rw-moisling.de\\\/index.php\\\/2025\\\/02\\\/26\\\/warum\\\/#primaryimage\"},\"image\":{\"@id\":\"https:\\\/\\\/rw-moisling.de\\\/index.php\\\/2025\\\/02\\\/26\\\/warum\\\/#primaryimage\"},\"thumbnailUrl\":\"https:\\\/\\\/rw-moisling.de\\\/wp-content\\\/uploads\\\/2025\\\/02\\\/Bildschirmfoto-vom-2025-02-26-21-53-29.png\",\"datePublished\":\"2025-02-26T21:18:06+00:00\",\"dateModified\":\"2025-03-05T12:43:58+00:00\",\"author\":{\"@id\":\"https:\\\/\\\/rw-moisling.de\\\/#\\\/schema\\\/person\\\/7b30c094af8bfb9523fda358f554b332\"},\"breadcrumb\":{\"@id\":\"https:\\\/\\\/rw-moisling.de\\\/index.php\\\/2025\\\/02\\\/26\\\/warum\\\/#breadcrumb\"},\"inLanguage\":\"de\",\"potentialAction\":[{\"@type\":\"ReadAction\",\"target\":[\"https:\\\/\\\/rw-moisling.de\\\/index.php\\\/2025\\\/02\\\/26\\\/warum\\\/\"]}]},{\"@type\":\"ImageObject\",\"inLanguage\":\"de\",\"@id\":\"https:\\\/\\\/rw-moisling.de\\\/index.php\\\/2025\\\/02\\\/26\\\/warum\\\/#primaryimage\",\"url\":\"https:\\\/\\\/rw-moisling.de\\\/wp-content\\\/uploads\\\/2025\\\/02\\\/Bildschirmfoto-vom-2025-02-26-21-53-29.png\",\"contentUrl\":\"https:\\\/\\\/rw-moisling.de\\\/wp-content\\\/uploads\\\/2025\\\/02\\\/Bildschirmfoto-vom-2025-02-26-21-53-29.png\",\"width\":936,\"height\":1130},{\"@type\":\"BreadcrumbList\",\"@id\":\"https:\\\/\\\/rw-moisling.de\\\/index.php\\\/2025\\\/02\\\/26\\\/warum\\\/#breadcrumb\",\"itemListElement\":[{\"@type\":\"ListItem\",\"position\":1,\"name\":\"Startseite\",\"item\":\"https:\\\/\\\/rw-moisling.de\\\/\"},{\"@type\":\"ListItem\",\"position\":2,\"name\":\"Warum???\"}]},{\"@type\":\"WebSite\",\"@id\":\"https:\\\/\\\/rw-moisling.de\\\/#website\",\"url\":\"https:\\\/\\\/rw-moisling.de\\\/\",\"name\":\"Rot-Wei\u00df Moisling von 1911 e.V.\",\"description\":\"\",\"potentialAction\":[{\"@type\":\"SearchAction\",\"target\":{\"@type\":\"EntryPoint\",\"urlTemplate\":\"https:\\\/\\\/rw-moisling.de\\\/?s={search_term_string}\"},\"query-input\":{\"@type\":\"PropertyValueSpecification\",\"valueRequired\":true,\"valueName\":\"search_term_string\"}}],\"inLanguage\":\"de\"},{\"@type\":\"Person\",\"@id\":\"https:\\\/\\\/rw-moisling.de\\\/#\\\/schema\\\/person\\\/7b30c094af8bfb9523fda358f554b332\",\"name\":\"J\u00f6rg\",\"url\":\"https:\\\/\\\/rw-moisling.de\\\/index.php\\\/author\\\/joergkupffer\\\/\"}]}<\/script>\n<!-- \/ Yoast SEO plugin. -->","yoast_head_json":{"title":"Warum??? - Rot-Wei\u00df Moisling","robots":{"index":"index","follow":"follow","max-snippet":"max-snippet:-1","max-image-preview":"max-image-preview:large","max-video-preview":"max-video-preview:-1"},"canonical":"https:\/\/rw-moisling.de\/index.php\/2025\/02\/26\/warum\/","og_locale":"de_DE","og_type":"article","og_title":"Warum??? - Rot-Wei\u00df Moisling","og_description":"Am 09. Februar 2025 verstarb unser langj\u00e4hriges Mitglied und Trainer Professor Dr. Lars Draack pl\u00f6tzlich und unerwartet. Mit \u00fcber 30 Jahren Karateerfahrung hat er die Karateabteilung von Rot-Wei\u00df Moisling nachhaltig gepr\u00e4gt. Auf seine lockere und&hellip;","og_url":"https:\/\/rw-moisling.de\/index.php\/2025\/02\/26\/warum\/","og_site_name":"Rot-Wei\u00df Moisling","article_published_time":"2025-02-26T21:18:06+00:00","article_modified_time":"2025-03-05T12:43:58+00:00","og_image":[{"width":936,"height":1130,"url":"https:\/\/rw-moisling.de\/wp-content\/uploads\/2025\/02\/Bildschirmfoto-vom-2025-02-26-21-53-29.png","type":"image\/png"}],"author":"J\u00f6rg","twitter_card":"summary_large_image","twitter_misc":{"Verfasst von":"J\u00f6rg","Gesch\u00e4tzte Lesezeit":"1\u00a0Minute"},"schema":{"@context":"https:\/\/schema.org","@graph":[{"@type":"Article","@id":"https:\/\/rw-moisling.de\/index.php\/2025\/02\/26\/warum\/#article","isPartOf":{"@id":"https:\/\/rw-moisling.de\/index.php\/2025\/02\/26\/warum\/"},"author":{"name":"J\u00f6rg","@id":"https:\/\/rw-moisling.de\/#\/schema\/person\/7b30c094af8bfb9523fda358f554b332"},"headline":"Warum???","datePublished":"2025-02-26T21:18:06+00:00","dateModified":"2025-03-05T12:43:58+00:00","mainEntityOfPage":{"@id":"https:\/\/rw-moisling.de\/index.php\/2025\/02\/26\/warum\/"},"wordCount":81,"image":{"@id":"https:\/\/rw-moisling.de\/index.php\/2025\/02\/26\/warum\/#primaryimage"},"thumbnailUrl":"https:\/\/rw-moisling.de\/wp-content\/uploads\/2025\/02\/Bildschirmfoto-vom-2025-02-26-21-53-29.png","articleSection":{"0":"Aktuelles","2":"Karate"},"inLanguage":"de"},{"@type":"WebPage","@id":"https:\/\/rw-moisling.de\/index.php\/2025\/02\/26\/warum\/","url":"https:\/\/rw-moisling.de\/index.php\/2025\/02\/26\/warum\/","name":"Warum??? - Rot-Wei\u00df Moisling","isPartOf":{"@id":"https:\/\/rw-moisling.de\/#website"},"primaryImageOfPage":{"@id":"https:\/\/rw-moisling.de\/index.php\/2025\/02\/26\/warum\/#primaryimage"},"image":{"@id":"https:\/\/rw-moisling.de\/index.php\/2025\/02\/26\/warum\/#primaryimage"},"thumbnailUrl":"https:\/\/rw-moisling.de\/wp-content\/uploads\/2025\/02\/Bildschirmfoto-vom-2025-02-26-21-53-29.png","datePublished":"2025-02-26T21:18:06+00:00","dateModified":"2025-03-05T12:43:58+00:00","author":{"@id":"https:\/\/rw-moisling.de\/#\/schema\/person\/7b30c094af8bfb9523fda358f554b332"},"breadcrumb":{"@id":"https:\/\/rw-moisling.de\/index.php\/2025\/02\/26\/warum\/#breadcrumb"},"inLanguage":"de","potentialAction":[{"@type":"ReadAction","target":["https:\/\/rw-moisling.de\/index.php\/2025\/02\/26\/warum\/"]}]},{"@type":"ImageObject","inLanguage":"de","@id":"https:\/\/rw-moisling.de\/index.php\/2025\/02\/26\/warum\/#primaryimage","url":"https:\/\/rw-moisling.de\/wp-content\/uploads\/2025\/02\/Bildschirmfoto-vom-2025-02-26-21-53-29.png","contentUrl":"https:\/\/rw-moisling.de\/wp-content\/uploads\/2025\/02\/Bildschirmfoto-vom-2025-02-26-21-53-29.png","width":936,"height":1130},{"@type":"BreadcrumbList","@id":"https:\/\/rw-moisling.de\/index.php\/2025\/02\/26\/warum\/#breadcrumb","itemListElement":[{"@type":"ListItem","position":1,"name":"Startseite","item":"https:\/\/rw-moisling.de\/"},{"@type":"ListItem","position":2,"name":"Warum???"}]},{"@type":"WebSite","@id":"https:\/\/rw-moisling.de\/#website","url":"https:\/\/rw-moisling.de\/","name":"Rot-Wei\u00df Moisling von 1911 e.V.","description":"","potentialAction":[{"@type":"SearchAction","target":{"@type":"EntryPoint","urlTemplate":"https:\/\/rw-moisling.de\/?s={search_term_string}"},"query-input":{"@type":"PropertyValueSpecification","valueRequired":true,"valueName":"search_term_string"}}],"inLanguage":"de"},{"@type":"Person","@id":"https:\/\/rw-moisling.de\/#\/schema\/person\/7b30c094af8bfb9523fda358f554b332","name":"J\u00f6rg","url":"https:\/\/rw-moisling.de\/index.php\/author\/joergkupffer\/"}]}},"_links":{"self":[{"href":"https:\/\/rw-moisling.de\/index.php\/wp-json\/wp\/v2\/posts\/3982","targetHints":{"allow":["GET"]}}],"collection":[{"href":"https:\/\/rw-moisling.de\/index.php\/wp-json\/wp\/v2\/posts"}],"about":[{"href":"https:\/\/rw-moisling.de\/index.php\/wp-json\/wp\/v2\/types\/post"}],"author":[{"embeddable":true,"href":"https:\/\/rw-moisling.de\/index.php\/wp-json\/wp\/v2\/users\/12"}],"replies":[{"embeddable":true,"href":"https:\/\/rw-moisling.de\/index.php\/wp-json\/wp\/v2\/comments?post=3982"}],"version-history":[{"count":18,"href":"https:\/\/rw-moisling.de\/index.php\/wp-json\/wp\/v2\/posts\/3982\/revisions"}],"predecessor-version":[{"id":4005,"href":"https:\/\/rw-moisling.de\/index.php\/wp-json\/wp\/v2\/posts\/3982\/revisions\/4005"}],"wp:featuredmedia":[{"embeddable":true,"href":"https:\/\/rw-moisling.de\/index.php\/wp-json\/wp\/v2\/media\/3992"}],"wp:attachment":[{"href":"https:\/\/rw-moisling.de\/index.php\/wp-json\/wp\/v2\/media?parent=3982"}],"wp:term":[{"taxonomy":"category","embeddable":true,"href":"https:\/\/rw-moisling.de\/index.php\/wp-json\/wp\/v2\/categories?post=3982"},{"taxonomy":"post_tag","embeddable":true,"href":"https:\/\/rw-moisling.de\/index.php\/wp-json\/wp\/v2\/tags?post=3982"}],"curies":[{"name":"wp","href":"https:\/\/api.w.org\/{rel}","templated":true}]}}