{"id":3747,"date":"2024-05-27T13:41:43","date_gmt":"2024-05-27T11:41:43","guid":{"rendered":"https:\/\/rw-moisling.de\/?p=3747"},"modified":"2024-06-13T10:06:32","modified_gmt":"2024-06-13T08:06:32","slug":"9-verden-open-2024","status":"publish","type":"post","link":"https:\/\/rw-moisling.de\/index.php\/2024\/05\/27\/9-verden-open-2024\/","title":{"rendered":"9. Verden Open 2024"},"content":{"rendered":"<p>Zusammen mit den beiden Betreuern Wiebke und J\u00f6rg ging es mit vier gut vorbereiten Startern\/Starterinnen am 4. Mai 2024 zur 9. Verden Open.<\/p>\n<p>Andrej hat seinen ersten Kampf souver\u00e4n mit 3:0 gewonnen. Im n\u00e4chsten Kampf musste er sich gegen den sp\u00e4ter Erstplatzierten geschlagen geben. Somit ging es in der Trostrunde weiter. Den Kampf verlor Andrej knapp mit 1:2. Somit blieb ihm ein guter 5. Platz.<\/p>\n<p>Bei Jannis lief es leider nicht so gut. Er ist bereits an seinem ersten Gegner gescheitert. Da dieser sp\u00e4ter nicht ins Finale kam, konnte er sich nicht nochmal in der Trostrunde beweisen.<\/p>\n<p>Beeke belegte in ihrer Alters-\/Kyuklasse einen guten 3. Platz.<\/p>\n<p>Vico stellte sich im Finale Thomas Piechot (LV Niedersachsen). Trotz einer souver\u00e4nen Kata, best\u00e4tigte sich leider Vicos und Wiebkes Vermutung und Thomas gewann gegen Vico. Somit &#8222;nur&#8220; der 2. Platz f\u00fcr Vico.<\/p>\n<p>Auch wenn es keine optimale Leistung war, herzlichen Gl\u00fcckwunsch an die Platzierten.<\/p>\n<p><img loading=\"lazy\" decoding=\"async\" class=\"alignnone size-medium wp-image-3748\" src=\"https:\/\/rw-moisling.de\/wp-content\/uploads\/2024\/05\/WhatsApp-Image-2024-05-04-at-17.51.35-1-200x300.jpeg\" alt=\"\" width=\"200\" height=\"300\" srcset=\"https:\/\/rw-moisling.de\/wp-content\/uploads\/2024\/05\/WhatsApp-Image-2024-05-04-at-17.51.35-1-200x300.jpeg 200w, https:\/\/rw-moisling.de\/wp-content\/uploads\/2024\/05\/WhatsApp-Image-2024-05-04-at-17.51.35-1-683x1024.jpeg 683w, https:\/\/rw-moisling.de\/wp-content\/uploads\/2024\/05\/WhatsApp-Image-2024-05-04-at-17.51.35-1-768x1152.jpeg 768w, https:\/\/rw-moisling.de\/wp-content\/uploads\/2024\/05\/WhatsApp-Image-2024-05-04-at-17.51.35-1-1024x1536.jpeg 1024w, https:\/\/rw-moisling.de\/wp-content\/uploads\/2024\/05\/WhatsApp-Image-2024-05-04-at-17.51.35-1.jpeg 1365w\" sizes=\"auto, (max-width: 200px) 100vw, 200px\" \/> <img loading=\"lazy\" decoding=\"async\" class=\"alignnone size-medium wp-image-3749\" src=\"https:\/\/rw-moisling.de\/wp-content\/uploads\/2024\/05\/WhatsApp-Image-2024-05-04-at-17.51.35-200x300.jpeg\" alt=\"\" width=\"200\" height=\"300\" srcset=\"https:\/\/rw-moisling.de\/wp-content\/uploads\/2024\/05\/WhatsApp-Image-2024-05-04-at-17.51.35-200x300.jpeg 200w, https:\/\/rw-moisling.de\/wp-content\/uploads\/2024\/05\/WhatsApp-Image-2024-05-04-at-17.51.35-683x1024.jpeg 683w, https:\/\/rw-moisling.de\/wp-content\/uploads\/2024\/05\/WhatsApp-Image-2024-05-04-at-17.51.35-768x1152.jpeg 768w, https:\/\/rw-moisling.de\/wp-content\/uploads\/2024\/05\/WhatsApp-Image-2024-05-04-at-17.51.35-1024x1536.jpeg 1024w, https:\/\/rw-moisling.de\/wp-content\/uploads\/2024\/05\/WhatsApp-Image-2024-05-04-at-17.51.35.jpeg 1365w\" sizes=\"auto, (max-width: 200px) 100vw, 200px\" \/><\/p>\n","protected":false},"excerpt":{"rendered":"<p>Zusammen mit den beiden Betreuern Wiebke und J\u00f6rg ging es mit vier gut vorbereiten Startern\/Starterinnen am 4. Mai 2024 zur 9. Verden Open. Andrej hat seinen ersten Kampf souver\u00e4n mit 3:0 gewonnen. Im n\u00e4chsten Kampf&hellip;<\/p>\n","protected":false},"author":15,"featured_media":3749,"comment_status":"closed","ping_status":"closed","sticky":false,"template":"","format":"standard","meta":{"footnotes":""},"categories":[8,10],"tags":[],"class_list":["post-3747","post","type-post","status-publish","format-standard","has-post-thumbnail","hentry","category-karate-aktuelles","category-karate"],"yoast_head":"<!-- This site is optimized with the Yoast SEO plugin v27.5 - https:\/\/yoast.com\/product\/yoast-seo-wordpress\/ -->\n<title>9. Verden Open 2024 - Rot-Wei\u00df Moisling<\/title>\n<meta name=\"robots\" content=\"index, follow, max-snippet:-1, max-image-preview:large, max-video-preview:-1\" \/>\n<link rel=\"canonical\" href=\"https:\/\/rw-moisling.de\/index.php\/2024\/05\/27\/9-verden-open-2024\/\" \/>\n<meta property=\"og:locale\" content=\"de_DE\" \/>\n<meta property=\"og:type\" content=\"article\" \/>\n<meta property=\"og:title\" content=\"9. Verden Open 2024 - Rot-Wei\u00df Moisling\" \/>\n<meta property=\"og:description\" content=\"Zusammen mit den beiden Betreuern Wiebke und J\u00f6rg ging es mit vier gut vorbereiten Startern\/Starterinnen am 4. Mai 2024 zur 9. Verden Open. Andrej hat seinen ersten Kampf souver\u00e4n mit 3:0 gewonnen. Im n\u00e4chsten Kampf&hellip;\" \/>\n<meta property=\"og:url\" content=\"https:\/\/rw-moisling.de\/index.php\/2024\/05\/27\/9-verden-open-2024\/\" \/>\n<meta property=\"og:site_name\" content=\"Rot-Wei\u00df Moisling\" \/>\n<meta property=\"article:published_time\" content=\"2024-05-27T11:41:43+00:00\" \/>\n<meta property=\"article:modified_time\" content=\"2024-06-13T08:06:32+00:00\" \/>\n<meta property=\"og:image\" content=\"https:\/\/rw-moisling.de\/wp-content\/uploads\/2024\/05\/WhatsApp-Image-2024-05-04-at-17.51.35.jpeg\" \/>\n\t<meta property=\"og:image:width\" content=\"1365\" \/>\n\t<meta property=\"og:image:height\" content=\"2048\" \/>\n\t<meta property=\"og:image:type\" content=\"image\/jpeg\" \/>\n<meta name=\"author\" content=\"Jan Krafzick\" \/>\n<meta name=\"twitter:card\" content=\"summary_large_image\" \/>\n<meta name=\"twitter:label1\" content=\"Verfasst von\" \/>\n\t<meta name=\"twitter:data1\" content=\"Jan Krafzick\" \/>\n\t<meta name=\"twitter:label2\" content=\"Gesch\u00e4tzte Lesezeit\" \/>\n\t<meta name=\"twitter:data2\" content=\"2\u00a0Minuten\" \/>\n<script type=\"application\/ld+json\" class=\"yoast-schema-graph\">{\"@context\":\"https:\\\/\\\/schema.org\",\"@graph\":[{\"@type\":\"Article\",\"@id\":\"https:\\\/\\\/rw-moisling.de\\\/index.php\\\/2024\\\/05\\\/27\\\/9-verden-open-2024\\\/#article\",\"isPartOf\":{\"@id\":\"https:\\\/\\\/rw-moisling.de\\\/index.php\\\/2024\\\/05\\\/27\\\/9-verden-open-2024\\\/\"},\"author\":{\"name\":\"Jan Krafzick\",\"@id\":\"https:\\\/\\\/rw-moisling.de\\\/#\\\/schema\\\/person\\\/f3cdde4b84733088913f9b5a8b9afaf8\"},\"headline\":\"9. Verden Open 2024\",\"datePublished\":\"2024-05-27T11:41:43+00:00\",\"dateModified\":\"2024-06-13T08:06:32+00:00\",\"mainEntityOfPage\":{\"@id\":\"https:\\\/\\\/rw-moisling.de\\\/index.php\\\/2024\\\/05\\\/27\\\/9-verden-open-2024\\\/\"},\"wordCount\":155,\"image\":{\"@id\":\"https:\\\/\\\/rw-moisling.de\\\/index.php\\\/2024\\\/05\\\/27\\\/9-verden-open-2024\\\/#primaryimage\"},\"thumbnailUrl\":\"https:\\\/\\\/rw-moisling.de\\\/wp-content\\\/uploads\\\/2024\\\/05\\\/WhatsApp-Image-2024-05-04-at-17.51.35.jpeg\",\"articleSection\":[\"Aktuelles\",\"Karate\"],\"inLanguage\":\"de\"},{\"@type\":\"WebPage\",\"@id\":\"https:\\\/\\\/rw-moisling.de\\\/index.php\\\/2024\\\/05\\\/27\\\/9-verden-open-2024\\\/\",\"url\":\"https:\\\/\\\/rw-moisling.de\\\/index.php\\\/2024\\\/05\\\/27\\\/9-verden-open-2024\\\/\",\"name\":\"9. Verden Open 2024 - Rot-Wei\u00df Moisling\",\"isPartOf\":{\"@id\":\"https:\\\/\\\/rw-moisling.de\\\/#website\"},\"primaryImageOfPage\":{\"@id\":\"https:\\\/\\\/rw-moisling.de\\\/index.php\\\/2024\\\/05\\\/27\\\/9-verden-open-2024\\\/#primaryimage\"},\"image\":{\"@id\":\"https:\\\/\\\/rw-moisling.de\\\/index.php\\\/2024\\\/05\\\/27\\\/9-verden-open-2024\\\/#primaryimage\"},\"thumbnailUrl\":\"https:\\\/\\\/rw-moisling.de\\\/wp-content\\\/uploads\\\/2024\\\/05\\\/WhatsApp-Image-2024-05-04-at-17.51.35.jpeg\",\"datePublished\":\"2024-05-27T11:41:43+00:00\",\"dateModified\":\"2024-06-13T08:06:32+00:00\",\"author\":{\"@id\":\"https:\\\/\\\/rw-moisling.de\\\/#\\\/schema\\\/person\\\/f3cdde4b84733088913f9b5a8b9afaf8\"},\"breadcrumb\":{\"@id\":\"https:\\\/\\\/rw-moisling.de\\\/index.php\\\/2024\\\/05\\\/27\\\/9-verden-open-2024\\\/#breadcrumb\"},\"inLanguage\":\"de\",\"potentialAction\":[{\"@type\":\"ReadAction\",\"target\":[\"https:\\\/\\\/rw-moisling.de\\\/index.php\\\/2024\\\/05\\\/27\\\/9-verden-open-2024\\\/\"]}]},{\"@type\":\"ImageObject\",\"inLanguage\":\"de\",\"@id\":\"https:\\\/\\\/rw-moisling.de\\\/index.php\\\/2024\\\/05\\\/27\\\/9-verden-open-2024\\\/#primaryimage\",\"url\":\"https:\\\/\\\/rw-moisling.de\\\/wp-content\\\/uploads\\\/2024\\\/05\\\/WhatsApp-Image-2024-05-04-at-17.51.35.jpeg\",\"contentUrl\":\"https:\\\/\\\/rw-moisling.de\\\/wp-content\\\/uploads\\\/2024\\\/05\\\/WhatsApp-Image-2024-05-04-at-17.51.35.jpeg\",\"width\":1365,\"height\":2048},{\"@type\":\"BreadcrumbList\",\"@id\":\"https:\\\/\\\/rw-moisling.de\\\/index.php\\\/2024\\\/05\\\/27\\\/9-verden-open-2024\\\/#breadcrumb\",\"itemListElement\":[{\"@type\":\"ListItem\",\"position\":1,\"name\":\"Startseite\",\"item\":\"https:\\\/\\\/rw-moisling.de\\\/\"},{\"@type\":\"ListItem\",\"position\":2,\"name\":\"9. Verden Open 2024\"}]},{\"@type\":\"WebSite\",\"@id\":\"https:\\\/\\\/rw-moisling.de\\\/#website\",\"url\":\"https:\\\/\\\/rw-moisling.de\\\/\",\"name\":\"Rot-Wei\u00df Moisling von 1911 e.V.\",\"description\":\"\",\"potentialAction\":[{\"@type\":\"SearchAction\",\"target\":{\"@type\":\"EntryPoint\",\"urlTemplate\":\"https:\\\/\\\/rw-moisling.de\\\/?s={search_term_string}\"},\"query-input\":{\"@type\":\"PropertyValueSpecification\",\"valueRequired\":true,\"valueName\":\"search_term_string\"}}],\"inLanguage\":\"de\"},{\"@type\":\"Person\",\"@id\":\"https:\\\/\\\/rw-moisling.de\\\/#\\\/schema\\\/person\\\/f3cdde4b84733088913f9b5a8b9afaf8\",\"name\":\"Jan Krafzick\",\"url\":\"https:\\\/\\\/rw-moisling.de\\\/index.php\\\/author\\\/jk\\\/\"}]}<\/script>\n<!-- \/ Yoast SEO plugin. -->","yoast_head_json":{"title":"9. Verden Open 2024 - Rot-Wei\u00df Moisling","robots":{"index":"index","follow":"follow","max-snippet":"max-snippet:-1","max-image-preview":"max-image-preview:large","max-video-preview":"max-video-preview:-1"},"canonical":"https:\/\/rw-moisling.de\/index.php\/2024\/05\/27\/9-verden-open-2024\/","og_locale":"de_DE","og_type":"article","og_title":"9. Verden Open 2024 - Rot-Wei\u00df Moisling","og_description":"Zusammen mit den beiden Betreuern Wiebke und J\u00f6rg ging es mit vier gut vorbereiten Startern\/Starterinnen am 4. Mai 2024 zur 9. Verden Open. Andrej hat seinen ersten Kampf souver\u00e4n mit 3:0 gewonnen. Im n\u00e4chsten Kampf&hellip;","og_url":"https:\/\/rw-moisling.de\/index.php\/2024\/05\/27\/9-verden-open-2024\/","og_site_name":"Rot-Wei\u00df Moisling","article_published_time":"2024-05-27T11:41:43+00:00","article_modified_time":"2024-06-13T08:06:32+00:00","og_image":[{"width":1365,"height":2048,"url":"https:\/\/rw-moisling.de\/wp-content\/uploads\/2024\/05\/WhatsApp-Image-2024-05-04-at-17.51.35.jpeg","type":"image\/jpeg"}],"author":"Jan Krafzick","twitter_card":"summary_large_image","twitter_misc":{"Verfasst von":"Jan Krafzick","Gesch\u00e4tzte Lesezeit":"2\u00a0Minuten"},"schema":{"@context":"https:\/\/schema.org","@graph":[{"@type":"Article","@id":"https:\/\/rw-moisling.de\/index.php\/2024\/05\/27\/9-verden-open-2024\/#article","isPartOf":{"@id":"https:\/\/rw-moisling.de\/index.php\/2024\/05\/27\/9-verden-open-2024\/"},"author":{"name":"Jan Krafzick","@id":"https:\/\/rw-moisling.de\/#\/schema\/person\/f3cdde4b84733088913f9b5a8b9afaf8"},"headline":"9. Verden Open 2024","datePublished":"2024-05-27T11:41:43+00:00","dateModified":"2024-06-13T08:06:32+00:00","mainEntityOfPage":{"@id":"https:\/\/rw-moisling.de\/index.php\/2024\/05\/27\/9-verden-open-2024\/"},"wordCount":155,"image":{"@id":"https:\/\/rw-moisling.de\/index.php\/2024\/05\/27\/9-verden-open-2024\/#primaryimage"},"thumbnailUrl":"https:\/\/rw-moisling.de\/wp-content\/uploads\/2024\/05\/WhatsApp-Image-2024-05-04-at-17.51.35.jpeg","articleSection":["Aktuelles","Karate"],"inLanguage":"de"},{"@type":"WebPage","@id":"https:\/\/rw-moisling.de\/index.php\/2024\/05\/27\/9-verden-open-2024\/","url":"https:\/\/rw-moisling.de\/index.php\/2024\/05\/27\/9-verden-open-2024\/","name":"9. Verden Open 2024 - Rot-Wei\u00df Moisling","isPartOf":{"@id":"https:\/\/rw-moisling.de\/#website"},"primaryImageOfPage":{"@id":"https:\/\/rw-moisling.de\/index.php\/2024\/05\/27\/9-verden-open-2024\/#primaryimage"},"image":{"@id":"https:\/\/rw-moisling.de\/index.php\/2024\/05\/27\/9-verden-open-2024\/#primaryimage"},"thumbnailUrl":"https:\/\/rw-moisling.de\/wp-content\/uploads\/2024\/05\/WhatsApp-Image-2024-05-04-at-17.51.35.jpeg","datePublished":"2024-05-27T11:41:43+00:00","dateModified":"2024-06-13T08:06:32+00:00","author":{"@id":"https:\/\/rw-moisling.de\/#\/schema\/person\/f3cdde4b84733088913f9b5a8b9afaf8"},"breadcrumb":{"@id":"https:\/\/rw-moisling.de\/index.php\/2024\/05\/27\/9-verden-open-2024\/#breadcrumb"},"inLanguage":"de","potentialAction":[{"@type":"ReadAction","target":["https:\/\/rw-moisling.de\/index.php\/2024\/05\/27\/9-verden-open-2024\/"]}]},{"@type":"ImageObject","inLanguage":"de","@id":"https:\/\/rw-moisling.de\/index.php\/2024\/05\/27\/9-verden-open-2024\/#primaryimage","url":"https:\/\/rw-moisling.de\/wp-content\/uploads\/2024\/05\/WhatsApp-Image-2024-05-04-at-17.51.35.jpeg","contentUrl":"https:\/\/rw-moisling.de\/wp-content\/uploads\/2024\/05\/WhatsApp-Image-2024-05-04-at-17.51.35.jpeg","width":1365,"height":2048},{"@type":"BreadcrumbList","@id":"https:\/\/rw-moisling.de\/index.php\/2024\/05\/27\/9-verden-open-2024\/#breadcrumb","itemListElement":[{"@type":"ListItem","position":1,"name":"Startseite","item":"https:\/\/rw-moisling.de\/"},{"@type":"ListItem","position":2,"name":"9. Verden Open 2024"}]},{"@type":"WebSite","@id":"https:\/\/rw-moisling.de\/#website","url":"https:\/\/rw-moisling.de\/","name":"Rot-Wei\u00df Moisling von 1911 e.V.","description":"","potentialAction":[{"@type":"SearchAction","target":{"@type":"EntryPoint","urlTemplate":"https:\/\/rw-moisling.de\/?s={search_term_string}"},"query-input":{"@type":"PropertyValueSpecification","valueRequired":true,"valueName":"search_term_string"}}],"inLanguage":"de"},{"@type":"Person","@id":"https:\/\/rw-moisling.de\/#\/schema\/person\/f3cdde4b84733088913f9b5a8b9afaf8","name":"Jan Krafzick","url":"https:\/\/rw-moisling.de\/index.php\/author\/jk\/"}]}},"_links":{"self":[{"href":"https:\/\/rw-moisling.de\/index.php\/wp-json\/wp\/v2\/posts\/3747","targetHints":{"allow":["GET"]}}],"collection":[{"href":"https:\/\/rw-moisling.de\/index.php\/wp-json\/wp\/v2\/posts"}],"about":[{"href":"https:\/\/rw-moisling.de\/index.php\/wp-json\/wp\/v2\/types\/post"}],"author":[{"embeddable":true,"href":"https:\/\/rw-moisling.de\/index.php\/wp-json\/wp\/v2\/users\/15"}],"replies":[{"embeddable":true,"href":"https:\/\/rw-moisling.de\/index.php\/wp-json\/wp\/v2\/comments?post=3747"}],"version-history":[{"count":3,"href":"https:\/\/rw-moisling.de\/index.php\/wp-json\/wp\/v2\/posts\/3747\/revisions"}],"predecessor-version":[{"id":3759,"href":"https:\/\/rw-moisling.de\/index.php\/wp-json\/wp\/v2\/posts\/3747\/revisions\/3759"}],"wp:featuredmedia":[{"embeddable":true,"href":"https:\/\/rw-moisling.de\/index.php\/wp-json\/wp\/v2\/media\/3749"}],"wp:attachment":[{"href":"https:\/\/rw-moisling.de\/index.php\/wp-json\/wp\/v2\/media?parent=3747"}],"wp:term":[{"taxonomy":"category","embeddable":true,"href":"https:\/\/rw-moisling.de\/index.php\/wp-json\/wp\/v2\/categories?post=3747"},{"taxonomy":"post_tag","embeddable":true,"href":"https:\/\/rw-moisling.de\/index.php\/wp-json\/wp\/v2\/tags?post=3747"}],"curies":[{"name":"wp","href":"https:\/\/api.w.org\/{rel}","templated":true}]}}