{"id":3350,"date":"2023-03-10T21:00:14","date_gmt":"2023-03-10T20:00:14","guid":{"rendered":"https:\/\/rw-moisling.de\/?p=3350"},"modified":"2023-03-10T21:00:14","modified_gmt":"2023-03-10T20:00:14","slug":"hallenradsport-landesmeisterschaft-juniorinnen-und-elite-2023","status":"publish","type":"post","link":"https:\/\/rw-moisling.de\/index.php\/2023\/03\/10\/hallenradsport-landesmeisterschaft-juniorinnen-und-elite-2023\/","title":{"rendered":"Hallenradsport Landesmeisterschaft Junior:innen und Elite 2023"},"content":{"rendered":"<p>Am vergangenen Sonntag fand bei uns in L\u00fcbeck die Hallenradsport Landesmeisterschaft der Junior:innen und Elite statt.<\/p>\n<p>Im Zweier-Kunstrad der Juniorinnen konnten Merle Selk und Lucia Ziebert sich \u00fcber den Landesmeistertitel freuen. Im Einer-Kunstrad der Juniorinnen wurde Merle hinter Lucie Eckert aus Heikendorf Zweite. Platz 3 und 4 im Einer-Kunstrad der Frauen belegten Anna P\u00e4tschke und Alicia Cordes.<\/p>\n<p>Im Einradfahren der Elite haben alle drei Mannschaften aus Moisling sich f\u00fcr den Bundespokal Einradfahren\/Deutsche Meisterschaft Halbfinale in Lengerich im Juni qualifiziert. Im Vierer-Einrad gewannen Britta und J\u00f6rn Clasen, Vanessa Engelhardt und Anna P\u00e4tschke vor der zweiten Moislinger Mannschaft mit Josephine Brauer, Swantje M\u00fces, Tobias Terpe und Merle Selk. Im Secher-Einrad konnte Moisling trotz kurzfristigem Ersatz f\u00fcr eine Sportlerin mit J\u00f6rn Clasen, Vanessa Engelhardt, Swantje M\u00fces, Anna P\u00e4tschke, Tobias Terpe und Merke Selk erneut den Landesmeistertitel verteidigen.<\/p>\n<p>Wir freuen uns auf eine hoffentlich erfolgreiche Saison, bei der durch die UCI Radsport WM in Glasgow alle bundesweiten Turniere etwas fr\u00fcher im Jahr als gewohnt stattfinden werden. <img loading=\"lazy\" decoding=\"async\" class=\"aligncenter wp-image-3351\" src=\"https:\/\/rw-moisling.de\/wp-content\/uploads\/2023\/03\/IMG-20230305-WA0014-300x225.jpg\" alt=\"\" width=\"500\" height=\"375\" srcset=\"https:\/\/rw-moisling.de\/wp-content\/uploads\/2023\/03\/IMG-20230305-WA0014-300x225.jpg 300w, https:\/\/rw-moisling.de\/wp-content\/uploads\/2023\/03\/IMG-20230305-WA0014-768x576.jpg 768w, https:\/\/rw-moisling.de\/wp-content\/uploads\/2023\/03\/IMG-20230305-WA0014.jpg 1024w\" sizes=\"auto, (max-width: 500px) 100vw, 500px\" \/><\/p>\n","protected":false},"excerpt":{"rendered":"<p>Am vergangenen Sonntag fand bei uns in L\u00fcbeck die Hallenradsport Landesmeisterschaft der Junior:innen und Elite statt. Im Zweier-Kunstrad der Juniorinnen konnten Merle Selk und Lucia Ziebert sich \u00fcber den Landesmeistertitel freuen. Im Einer-Kunstrad der Juniorinnen&hellip;<\/p>\n","protected":false},"author":4,"featured_media":3351,"comment_status":"closed","ping_status":"closed","sticky":false,"template":"","format":"standard","meta":{"footnotes":""},"categories":[13],"tags":[],"class_list":["post-3350","post","type-post","status-publish","format-standard","has-post-thumbnail","hentry","category-news"],"yoast_head":"<!-- This site is optimized with the Yoast SEO plugin v27.5 - https:\/\/yoast.com\/product\/yoast-seo-wordpress\/ -->\n<title>Hallenradsport Landesmeisterschaft Junior:innen und Elite 2023 - Rot-Wei\u00df Moisling<\/title>\n<meta name=\"robots\" content=\"index, follow, max-snippet:-1, max-image-preview:large, max-video-preview:-1\" \/>\n<link rel=\"canonical\" href=\"https:\/\/rw-moisling.de\/index.php\/2023\/03\/10\/hallenradsport-landesmeisterschaft-juniorinnen-und-elite-2023\/\" \/>\n<meta property=\"og:locale\" content=\"de_DE\" \/>\n<meta property=\"og:type\" content=\"article\" \/>\n<meta property=\"og:title\" content=\"Hallenradsport Landesmeisterschaft Junior:innen und Elite 2023 - Rot-Wei\u00df Moisling\" \/>\n<meta property=\"og:description\" content=\"Am vergangenen Sonntag fand bei uns in L\u00fcbeck die Hallenradsport Landesmeisterschaft der Junior:innen und Elite statt. Im Zweier-Kunstrad der Juniorinnen konnten Merle Selk und Lucia Ziebert sich \u00fcber den Landesmeistertitel freuen. Im Einer-Kunstrad der Juniorinnen&hellip;\" \/>\n<meta property=\"og:url\" content=\"https:\/\/rw-moisling.de\/index.php\/2023\/03\/10\/hallenradsport-landesmeisterschaft-juniorinnen-und-elite-2023\/\" \/>\n<meta property=\"og:site_name\" content=\"Rot-Wei\u00df Moisling\" \/>\n<meta property=\"article:published_time\" content=\"2023-03-10T20:00:14+00:00\" \/>\n<meta property=\"og:image\" content=\"https:\/\/rw-moisling.de\/wp-content\/uploads\/2023\/03\/IMG-20230305-WA0014.jpg\" \/>\n\t<meta property=\"og:image:width\" content=\"1024\" \/>\n\t<meta property=\"og:image:height\" content=\"768\" \/>\n\t<meta property=\"og:image:type\" content=\"image\/jpeg\" \/>\n<meta name=\"author\" content=\"Anna\" \/>\n<meta name=\"twitter:card\" content=\"summary_large_image\" \/>\n<meta name=\"twitter:label1\" content=\"Verfasst von\" \/>\n\t<meta name=\"twitter:data1\" content=\"Anna\" \/>\n\t<meta name=\"twitter:label2\" content=\"Gesch\u00e4tzte Lesezeit\" \/>\n\t<meta name=\"twitter:data2\" content=\"2\u00a0Minuten\" \/>\n<script type=\"application\/ld+json\" class=\"yoast-schema-graph\">{\"@context\":\"https:\\\/\\\/schema.org\",\"@graph\":[{\"@type\":\"Article\",\"@id\":\"https:\\\/\\\/rw-moisling.de\\\/index.php\\\/2023\\\/03\\\/10\\\/hallenradsport-landesmeisterschaft-juniorinnen-und-elite-2023\\\/#article\",\"isPartOf\":{\"@id\":\"https:\\\/\\\/rw-moisling.de\\\/index.php\\\/2023\\\/03\\\/10\\\/hallenradsport-landesmeisterschaft-juniorinnen-und-elite-2023\\\/\"},\"author\":{\"name\":\"Anna\",\"@id\":\"https:\\\/\\\/rw-moisling.de\\\/#\\\/schema\\\/person\\\/d817b21fbd1db678ab4012faf2d6932f\"},\"headline\":\"Hallenradsport Landesmeisterschaft Junior:innen und Elite 2023\",\"datePublished\":\"2023-03-10T20:00:14+00:00\",\"mainEntityOfPage\":{\"@id\":\"https:\\\/\\\/rw-moisling.de\\\/index.php\\\/2023\\\/03\\\/10\\\/hallenradsport-landesmeisterschaft-juniorinnen-und-elite-2023\\\/\"},\"wordCount\":179,\"image\":{\"@id\":\"https:\\\/\\\/rw-moisling.de\\\/index.php\\\/2023\\\/03\\\/10\\\/hallenradsport-landesmeisterschaft-juniorinnen-und-elite-2023\\\/#primaryimage\"},\"thumbnailUrl\":\"https:\\\/\\\/rw-moisling.de\\\/wp-content\\\/uploads\\\/2023\\\/03\\\/IMG-20230305-WA0014.jpg\",\"articleSection\":[\"News\"],\"inLanguage\":\"de\"},{\"@type\":\"WebPage\",\"@id\":\"https:\\\/\\\/rw-moisling.de\\\/index.php\\\/2023\\\/03\\\/10\\\/hallenradsport-landesmeisterschaft-juniorinnen-und-elite-2023\\\/\",\"url\":\"https:\\\/\\\/rw-moisling.de\\\/index.php\\\/2023\\\/03\\\/10\\\/hallenradsport-landesmeisterschaft-juniorinnen-und-elite-2023\\\/\",\"name\":\"Hallenradsport Landesmeisterschaft Junior:innen und Elite 2023 - Rot-Wei\u00df Moisling\",\"isPartOf\":{\"@id\":\"https:\\\/\\\/rw-moisling.de\\\/#website\"},\"primaryImageOfPage\":{\"@id\":\"https:\\\/\\\/rw-moisling.de\\\/index.php\\\/2023\\\/03\\\/10\\\/hallenradsport-landesmeisterschaft-juniorinnen-und-elite-2023\\\/#primaryimage\"},\"image\":{\"@id\":\"https:\\\/\\\/rw-moisling.de\\\/index.php\\\/2023\\\/03\\\/10\\\/hallenradsport-landesmeisterschaft-juniorinnen-und-elite-2023\\\/#primaryimage\"},\"thumbnailUrl\":\"https:\\\/\\\/rw-moisling.de\\\/wp-content\\\/uploads\\\/2023\\\/03\\\/IMG-20230305-WA0014.jpg\",\"datePublished\":\"2023-03-10T20:00:14+00:00\",\"author\":{\"@id\":\"https:\\\/\\\/rw-moisling.de\\\/#\\\/schema\\\/person\\\/d817b21fbd1db678ab4012faf2d6932f\"},\"breadcrumb\":{\"@id\":\"https:\\\/\\\/rw-moisling.de\\\/index.php\\\/2023\\\/03\\\/10\\\/hallenradsport-landesmeisterschaft-juniorinnen-und-elite-2023\\\/#breadcrumb\"},\"inLanguage\":\"de\",\"potentialAction\":[{\"@type\":\"ReadAction\",\"target\":[\"https:\\\/\\\/rw-moisling.de\\\/index.php\\\/2023\\\/03\\\/10\\\/hallenradsport-landesmeisterschaft-juniorinnen-und-elite-2023\\\/\"]}]},{\"@type\":\"ImageObject\",\"inLanguage\":\"de\",\"@id\":\"https:\\\/\\\/rw-moisling.de\\\/index.php\\\/2023\\\/03\\\/10\\\/hallenradsport-landesmeisterschaft-juniorinnen-und-elite-2023\\\/#primaryimage\",\"url\":\"https:\\\/\\\/rw-moisling.de\\\/wp-content\\\/uploads\\\/2023\\\/03\\\/IMG-20230305-WA0014.jpg\",\"contentUrl\":\"https:\\\/\\\/rw-moisling.de\\\/wp-content\\\/uploads\\\/2023\\\/03\\\/IMG-20230305-WA0014.jpg\",\"width\":1024,\"height\":768},{\"@type\":\"BreadcrumbList\",\"@id\":\"https:\\\/\\\/rw-moisling.de\\\/index.php\\\/2023\\\/03\\\/10\\\/hallenradsport-landesmeisterschaft-juniorinnen-und-elite-2023\\\/#breadcrumb\",\"itemListElement\":[{\"@type\":\"ListItem\",\"position\":1,\"name\":\"Startseite\",\"item\":\"https:\\\/\\\/rw-moisling.de\\\/\"},{\"@type\":\"ListItem\",\"position\":2,\"name\":\"Hallenradsport Landesmeisterschaft Junior:innen und Elite 2023\"}]},{\"@type\":\"WebSite\",\"@id\":\"https:\\\/\\\/rw-moisling.de\\\/#website\",\"url\":\"https:\\\/\\\/rw-moisling.de\\\/\",\"name\":\"Rot-Wei\u00df Moisling von 1911 e.V.\",\"description\":\"\",\"potentialAction\":[{\"@type\":\"SearchAction\",\"target\":{\"@type\":\"EntryPoint\",\"urlTemplate\":\"https:\\\/\\\/rw-moisling.de\\\/?s={search_term_string}\"},\"query-input\":{\"@type\":\"PropertyValueSpecification\",\"valueRequired\":true,\"valueName\":\"search_term_string\"}}],\"inLanguage\":\"de\"},{\"@type\":\"Person\",\"@id\":\"https:\\\/\\\/rw-moisling.de\\\/#\\\/schema\\\/person\\\/d817b21fbd1db678ab4012faf2d6932f\",\"name\":\"Anna\",\"url\":\"https:\\\/\\\/rw-moisling.de\\\/index.php\\\/author\\\/anna\\\/\"}]}<\/script>\n<!-- \/ Yoast SEO plugin. -->","yoast_head_json":{"title":"Hallenradsport Landesmeisterschaft Junior:innen und Elite 2023 - Rot-Wei\u00df Moisling","robots":{"index":"index","follow":"follow","max-snippet":"max-snippet:-1","max-image-preview":"max-image-preview:large","max-video-preview":"max-video-preview:-1"},"canonical":"https:\/\/rw-moisling.de\/index.php\/2023\/03\/10\/hallenradsport-landesmeisterschaft-juniorinnen-und-elite-2023\/","og_locale":"de_DE","og_type":"article","og_title":"Hallenradsport Landesmeisterschaft Junior:innen und Elite 2023 - Rot-Wei\u00df Moisling","og_description":"Am vergangenen Sonntag fand bei uns in L\u00fcbeck die Hallenradsport Landesmeisterschaft der Junior:innen und Elite statt. Im Zweier-Kunstrad der Juniorinnen konnten Merle Selk und Lucia Ziebert sich \u00fcber den Landesmeistertitel freuen. Im Einer-Kunstrad der Juniorinnen&hellip;","og_url":"https:\/\/rw-moisling.de\/index.php\/2023\/03\/10\/hallenradsport-landesmeisterschaft-juniorinnen-und-elite-2023\/","og_site_name":"Rot-Wei\u00df Moisling","article_published_time":"2023-03-10T20:00:14+00:00","og_image":[{"width":1024,"height":768,"url":"https:\/\/rw-moisling.de\/wp-content\/uploads\/2023\/03\/IMG-20230305-WA0014.jpg","type":"image\/jpeg"}],"author":"Anna","twitter_card":"summary_large_image","twitter_misc":{"Verfasst von":"Anna","Gesch\u00e4tzte Lesezeit":"2\u00a0Minuten"},"schema":{"@context":"https:\/\/schema.org","@graph":[{"@type":"Article","@id":"https:\/\/rw-moisling.de\/index.php\/2023\/03\/10\/hallenradsport-landesmeisterschaft-juniorinnen-und-elite-2023\/#article","isPartOf":{"@id":"https:\/\/rw-moisling.de\/index.php\/2023\/03\/10\/hallenradsport-landesmeisterschaft-juniorinnen-und-elite-2023\/"},"author":{"name":"Anna","@id":"https:\/\/rw-moisling.de\/#\/schema\/person\/d817b21fbd1db678ab4012faf2d6932f"},"headline":"Hallenradsport Landesmeisterschaft Junior:innen und Elite 2023","datePublished":"2023-03-10T20:00:14+00:00","mainEntityOfPage":{"@id":"https:\/\/rw-moisling.de\/index.php\/2023\/03\/10\/hallenradsport-landesmeisterschaft-juniorinnen-und-elite-2023\/"},"wordCount":179,"image":{"@id":"https:\/\/rw-moisling.de\/index.php\/2023\/03\/10\/hallenradsport-landesmeisterschaft-juniorinnen-und-elite-2023\/#primaryimage"},"thumbnailUrl":"https:\/\/rw-moisling.de\/wp-content\/uploads\/2023\/03\/IMG-20230305-WA0014.jpg","articleSection":["News"],"inLanguage":"de"},{"@type":"WebPage","@id":"https:\/\/rw-moisling.de\/index.php\/2023\/03\/10\/hallenradsport-landesmeisterschaft-juniorinnen-und-elite-2023\/","url":"https:\/\/rw-moisling.de\/index.php\/2023\/03\/10\/hallenradsport-landesmeisterschaft-juniorinnen-und-elite-2023\/","name":"Hallenradsport Landesmeisterschaft Junior:innen und Elite 2023 - Rot-Wei\u00df Moisling","isPartOf":{"@id":"https:\/\/rw-moisling.de\/#website"},"primaryImageOfPage":{"@id":"https:\/\/rw-moisling.de\/index.php\/2023\/03\/10\/hallenradsport-landesmeisterschaft-juniorinnen-und-elite-2023\/#primaryimage"},"image":{"@id":"https:\/\/rw-moisling.de\/index.php\/2023\/03\/10\/hallenradsport-landesmeisterschaft-juniorinnen-und-elite-2023\/#primaryimage"},"thumbnailUrl":"https:\/\/rw-moisling.de\/wp-content\/uploads\/2023\/03\/IMG-20230305-WA0014.jpg","datePublished":"2023-03-10T20:00:14+00:00","author":{"@id":"https:\/\/rw-moisling.de\/#\/schema\/person\/d817b21fbd1db678ab4012faf2d6932f"},"breadcrumb":{"@id":"https:\/\/rw-moisling.de\/index.php\/2023\/03\/10\/hallenradsport-landesmeisterschaft-juniorinnen-und-elite-2023\/#breadcrumb"},"inLanguage":"de","potentialAction":[{"@type":"ReadAction","target":["https:\/\/rw-moisling.de\/index.php\/2023\/03\/10\/hallenradsport-landesmeisterschaft-juniorinnen-und-elite-2023\/"]}]},{"@type":"ImageObject","inLanguage":"de","@id":"https:\/\/rw-moisling.de\/index.php\/2023\/03\/10\/hallenradsport-landesmeisterschaft-juniorinnen-und-elite-2023\/#primaryimage","url":"https:\/\/rw-moisling.de\/wp-content\/uploads\/2023\/03\/IMG-20230305-WA0014.jpg","contentUrl":"https:\/\/rw-moisling.de\/wp-content\/uploads\/2023\/03\/IMG-20230305-WA0014.jpg","width":1024,"height":768},{"@type":"BreadcrumbList","@id":"https:\/\/rw-moisling.de\/index.php\/2023\/03\/10\/hallenradsport-landesmeisterschaft-juniorinnen-und-elite-2023\/#breadcrumb","itemListElement":[{"@type":"ListItem","position":1,"name":"Startseite","item":"https:\/\/rw-moisling.de\/"},{"@type":"ListItem","position":2,"name":"Hallenradsport Landesmeisterschaft Junior:innen und Elite 2023"}]},{"@type":"WebSite","@id":"https:\/\/rw-moisling.de\/#website","url":"https:\/\/rw-moisling.de\/","name":"Rot-Wei\u00df Moisling von 1911 e.V.","description":"","potentialAction":[{"@type":"SearchAction","target":{"@type":"EntryPoint","urlTemplate":"https:\/\/rw-moisling.de\/?s={search_term_string}"},"query-input":{"@type":"PropertyValueSpecification","valueRequired":true,"valueName":"search_term_string"}}],"inLanguage":"de"},{"@type":"Person","@id":"https:\/\/rw-moisling.de\/#\/schema\/person\/d817b21fbd1db678ab4012faf2d6932f","name":"Anna","url":"https:\/\/rw-moisling.de\/index.php\/author\/anna\/"}]}},"_links":{"self":[{"href":"https:\/\/rw-moisling.de\/index.php\/wp-json\/wp\/v2\/posts\/3350","targetHints":{"allow":["GET"]}}],"collection":[{"href":"https:\/\/rw-moisling.de\/index.php\/wp-json\/wp\/v2\/posts"}],"about":[{"href":"https:\/\/rw-moisling.de\/index.php\/wp-json\/wp\/v2\/types\/post"}],"author":[{"embeddable":true,"href":"https:\/\/rw-moisling.de\/index.php\/wp-json\/wp\/v2\/users\/4"}],"replies":[{"embeddable":true,"href":"https:\/\/rw-moisling.de\/index.php\/wp-json\/wp\/v2\/comments?post=3350"}],"version-history":[{"count":1,"href":"https:\/\/rw-moisling.de\/index.php\/wp-json\/wp\/v2\/posts\/3350\/revisions"}],"predecessor-version":[{"id":3352,"href":"https:\/\/rw-moisling.de\/index.php\/wp-json\/wp\/v2\/posts\/3350\/revisions\/3352"}],"wp:featuredmedia":[{"embeddable":true,"href":"https:\/\/rw-moisling.de\/index.php\/wp-json\/wp\/v2\/media\/3351"}],"wp:attachment":[{"href":"https:\/\/rw-moisling.de\/index.php\/wp-json\/wp\/v2\/media?parent=3350"}],"wp:term":[{"taxonomy":"category","embeddable":true,"href":"https:\/\/rw-moisling.de\/index.php\/wp-json\/wp\/v2\/categories?post=3350"},{"taxonomy":"post_tag","embeddable":true,"href":"https:\/\/rw-moisling.de\/index.php\/wp-json\/wp\/v2\/tags?post=3350"}],"curies":[{"name":"wp","href":"https:\/\/api.w.org\/{rel}","templated":true}]}}