{"id":3149,"date":"2022-09-07T19:55:32","date_gmt":"2022-09-07T17:55:32","guid":{"rendered":"https:\/\/rw-moisling.de\/?p=3149"},"modified":"2022-09-10T17:35:01","modified_gmt":"2022-09-10T15:35:01","slug":"bundespokal-2022","status":"publish","type":"post","link":"https:\/\/rw-moisling.de\/index.php\/2022\/09\/07\/bundespokal-2022\/","title":{"rendered":"Bundespokal 2022"},"content":{"rendered":"<div class=\"foogallery foogallery-container foogallery-thumbnail foogallery-single-thumbnail foogallery-lightbox-foobox fg-center fg-thumbnail fg-ready fg-light fg-border-thin fg-shadow-outline fg-loading-default fg-loaded-fade-in fg-caption-hover fg-hover-fade fg-hover-zoom\" id=\"foogallery-gallery-3140\" data-foogallery=\"{&quot;item&quot;:{&quot;showCaptionTitle&quot;:true,&quot;showCaptionDescription&quot;:true},&quot;lazy&quot;:true}\" style=\"--fg-title-line-clamp: 0; --fg-description-line-clamp: 0;\" >\n    <div class=\"fg-item fg-type-image fg-idle\"><figure class=\"fg-item-inner\"><a href=\"https:\/\/rw-moisling.de\/wp-content\/uploads\/2022\/09\/IMG_20220904_075156_901.jpg\" data-attachment-id=\"3146\" rel=\"lightbox[3140]\" data-type=\"image\" class=\"fg-thumb\"><span class=\"fg-image-wrap\"><img fetchpriority=\"high\" decoding=\"async\" width=\"250\" height=\"200\" class=\"skip-lazy fg-image\" data-src-fg=\"https:\/\/rw-moisling.de\/wp-content\/uploads\/cache\/2022\/09\/IMG_20220904_075156_901\/512950750.jpg\" src=\"data:image\/svg+xml,%3Csvg%20xmlns%3D%22http%3A%2F%2Fwww.w3.org%2F2000%2Fsvg%22%20width%3D%22250%22%20height%3D%22200%22%20viewBox%3D%220%200%20250%20200%22%3E%3C%2Fsvg%3E\" loading=\"eager\"><\/span><span class=\"fg-image-overlay\"><\/span><\/a><\/figure><div class=\"fg-loader\"><\/div><\/div>        <div class=\"fg-st-hidden\">\n        <div class=\"fg-item fg-type-image fg-idle\"><figure class=\"fg-item-inner\"><a href=\"https:\/\/rw-moisling.de\/wp-content\/uploads\/2022\/09\/IMG-20220903-WA0027.jpg\" data-attachment-id=\"3144\" rel=\"lightbox[3140]\" data-type=\"image\" class=\"fg-thumb\"><span class=\"fg-image-wrap\"><img decoding=\"async\" width=\"250\" height=\"200\" class=\"skip-lazy fg-image\" data-src-fg=\"https:\/\/rw-moisling.de\/wp-content\/uploads\/cache\/2022\/09\/IMG-20220903-WA0027\/2757079974.jpg\" src=\"data:image\/svg+xml,%3Csvg%20xmlns%3D%22http%3A%2F%2Fwww.w3.org%2F2000%2Fsvg%22%20width%3D%22250%22%20height%3D%22200%22%20viewBox%3D%220%200%20250%20200%22%3E%3C%2Fsvg%3E\" loading=\"eager\"><\/span><span class=\"fg-image-overlay\"><\/span><\/a><\/figure><div class=\"fg-loader\"><\/div><\/div><div class=\"fg-item fg-type-image fg-idle\"><figure class=\"fg-item-inner\"><a href=\"https:\/\/rw-moisling.de\/wp-content\/uploads\/2022\/09\/IMG-20220903-WA0001.jpg\" data-attachment-id=\"3141\" rel=\"lightbox[3140]\" data-type=\"image\" class=\"fg-thumb\"><span class=\"fg-image-wrap\"><img decoding=\"async\" width=\"250\" height=\"200\" class=\"skip-lazy fg-image\" data-src-fg=\"https:\/\/rw-moisling.de\/wp-content\/uploads\/cache\/2022\/09\/IMG-20220903-WA0001\/2805967375.jpg\" src=\"data:image\/svg+xml,%3Csvg%20xmlns%3D%22http%3A%2F%2Fwww.w3.org%2F2000%2Fsvg%22%20width%3D%22250%22%20height%3D%22200%22%20viewBox%3D%220%200%20250%20200%22%3E%3C%2Fsvg%3E\" loading=\"eager\"><\/span><span class=\"fg-image-overlay\"><\/span><\/a><\/figure><div class=\"fg-loader\"><\/div><\/div><div class=\"fg-item fg-type-image fg-idle\"><figure class=\"fg-item-inner\"><a href=\"https:\/\/rw-moisling.de\/wp-content\/uploads\/2022\/09\/IMG-20220903-WA0005.jpg\" data-attachment-id=\"3142\" rel=\"lightbox[3140]\" data-type=\"image\" class=\"fg-thumb\"><span class=\"fg-image-wrap\"><img decoding=\"async\" width=\"250\" height=\"200\" class=\"skip-lazy fg-image\" data-src-fg=\"https:\/\/rw-moisling.de\/wp-content\/uploads\/cache\/2022\/09\/IMG-20220903-WA0005\/2049225581.jpg\" src=\"data:image\/svg+xml,%3Csvg%20xmlns%3D%22http%3A%2F%2Fwww.w3.org%2F2000%2Fsvg%22%20width%3D%22250%22%20height%3D%22200%22%20viewBox%3D%220%200%20250%20200%22%3E%3C%2Fsvg%3E\" loading=\"eager\"><\/span><span class=\"fg-image-overlay\"><\/span><\/a><\/figure><div class=\"fg-loader\"><\/div><\/div><div class=\"fg-item fg-type-image fg-idle\"><figure class=\"fg-item-inner\"><a href=\"https:\/\/rw-moisling.de\/wp-content\/uploads\/2022\/09\/IMG-20220903-WA0006.jpg\" data-attachment-id=\"3143\" rel=\"lightbox[3140]\" data-type=\"image\" class=\"fg-thumb\"><span class=\"fg-image-wrap\"><img decoding=\"async\" width=\"250\" height=\"200\" class=\"skip-lazy fg-image\" data-src-fg=\"https:\/\/rw-moisling.de\/wp-content\/uploads\/cache\/2022\/09\/IMG-20220903-WA0006\/3281733126.jpg\" src=\"data:image\/svg+xml,%3Csvg%20xmlns%3D%22http%3A%2F%2Fwww.w3.org%2F2000%2Fsvg%22%20width%3D%22250%22%20height%3D%22200%22%20viewBox%3D%220%200%20250%20200%22%3E%3C%2Fsvg%3E\" loading=\"eager\"><\/span><span class=\"fg-image-overlay\"><\/span><\/a><\/figure><div class=\"fg-loader\"><\/div><\/div><div class=\"fg-item fg-type-image fg-idle\"><figure class=\"fg-item-inner\"><a href=\"https:\/\/rw-moisling.de\/wp-content\/uploads\/2022\/09\/IMG_20220903_072506-scaled.jpg\" data-attachment-id=\"3145\" rel=\"lightbox[3140]\" data-type=\"image\" class=\"fg-thumb\"><span class=\"fg-image-wrap\"><img decoding=\"async\" width=\"250\" height=\"200\" class=\"skip-lazy fg-image\" data-src-fg=\"https:\/\/rw-moisling.de\/wp-content\/uploads\/cache\/2022\/09\/IMG_20220903_072506-scaled\/1246687785.jpg\" src=\"data:image\/svg+xml,%3Csvg%20xmlns%3D%22http%3A%2F%2Fwww.w3.org%2F2000%2Fsvg%22%20width%3D%22250%22%20height%3D%22200%22%20viewBox%3D%220%200%20250%20200%22%3E%3C%2Fsvg%3E\" loading=\"eager\"><\/span><span class=\"fg-image-overlay\"><\/span><\/a><\/figure><div class=\"fg-loader\"><\/div><\/div>    <\/div>\n<\/div>\n\n<div class=\"\" dir=\"auto\">\n<div id=\"jsc_c_vu\" class=\"d2hqwtrz r227ecj6 ez8dtbzv gt60zsk1\" data-ad-comet-preview=\"message\" data-ad-preview=\"message\">\n<div class=\"alzwoclg cqf1kptm siwo0mpr gu5uzgus\">\n<div class=\"jroqu855 nthtkgg5\">\n<div class=\"m8h3af8h l7ghb35v kjdc1dyq kmwttqpk gh25dzvf n3t5jt4f\">\n<div dir=\"auto\">Bundespokal 2022 &#8211; was f\u00fcr ein Wochenende!<\/div>\n<div dir=\"auto\"><\/div>\n<div>\n<div>Am Samstag, den 03.09. fand in Wei\u00dfenbrunn (BAY) der Bundeseinradpokal, der gleichzeitig auch die Qualifikationsrunde f\u00fcr die Deutsche Hallenradsportmeisterschaft ist, statt. Mit dabei waren zwei Mannschaften der Spvgg. Rot-Wei\u00df Moisling. Nach dem Bundespokal 2019 war dies f\u00fcr die Moislinger Teams pandemiebedingt die erste deutschlandweite Meisterschaft. Die Vorbereitung war mit einigen Stolptersteinen versehen: Sowohl Verletzungen und Krankheit als auch eine zwischenzeitig nicht verf\u00fcgbare (Ersatz)Turnhalle sorgten daf\u00fcr, dass die Gleichm\u00e4\u00dfigkeit unter den Sportler:innen nicht wie gewohnt abrufbar war und es erforderte einiges an intensivem Training und Lehrg\u00e4ngen, um die groben Schnitzer auszubessern und an Feinheiten zu arbeiten.<\/div>\n<div><\/div>\n<div>Im Vierer Einrad trat Moisling mit kurzfristigem Ersatz in der Besetzung Britta und J\u00f6rn Clasen, Vanessa Engelhardt und Anna P\u00e4tschke an. Swantje M\u00fces und Merle Selk komplettierten die Sechsermannschaft. Beide Teams zeigten H\u00f6chstschwierigkeiten und konnten die Reigen mit Bravur meistern. Im Vierer bedeutete dies sogar Platz 12 und damit die Qualifikation innerhalb der 18 besten Mannschaften, die sich am 08.\/09.10. in Mainz gegeneinander messen und um den Titel Deutscher Meister k\u00e4mpfen. Bis dahin bleiben die Daumen gedr\u00fcckt f\u00fcr weiteres verletzungsfreies Training und gesunde Sportler:innen und dass die Halle diese Saison weiter durchh\u00e4lt!<\/div>\n<div><\/div>\n<\/div>\n<div dir=\"auto\">Vielen Dank an die Ausrichtung dieser rundum gelungenen Veranstaltung der Soli Reuth!<\/div>\n<\/div>\n<\/div>\n<\/div>\n<\/div>\n<\/div>\n","protected":false},"excerpt":{"rendered":"<p>Bundespokal 2022 &#8211; was f\u00fcr ein Wochenende! Am Samstag, den 03.09. fand in Wei\u00dfenbrunn (BAY) der Bundeseinradpokal, der gleichzeitig auch die Qualifikationsrunde f\u00fcr die Deutsche Hallenradsportmeisterschaft ist, statt. Mit dabei waren zwei Mannschaften der Spvgg.&hellip;<\/p>\n","protected":false},"author":4,"featured_media":3146,"comment_status":"closed","ping_status":"closed","sticky":false,"template":"","format":"standard","meta":{"footnotes":""},"categories":[1,13],"tags":[],"class_list":["post-3149","post","type-post","status-publish","format-standard","has-post-thumbnail","hentry","category-allgemein","category-news"],"yoast_head":"<!-- This site is optimized with the Yoast SEO plugin v27.5 - https:\/\/yoast.com\/product\/yoast-seo-wordpress\/ -->\n<title>Bundespokal 2022 - Rot-Wei\u00df Moisling<\/title>\n<meta name=\"robots\" content=\"index, follow, max-snippet:-1, max-image-preview:large, max-video-preview:-1\" \/>\n<link rel=\"canonical\" href=\"https:\/\/rw-moisling.de\/index.php\/2022\/09\/07\/bundespokal-2022\/\" \/>\n<meta property=\"og:locale\" content=\"de_DE\" \/>\n<meta property=\"og:type\" content=\"article\" \/>\n<meta property=\"og:title\" content=\"Bundespokal 2022 - Rot-Wei\u00df Moisling\" \/>\n<meta property=\"og:description\" content=\"Bundespokal 2022 &#8211; was f\u00fcr ein Wochenende! Am Samstag, den 03.09. fand in Wei\u00dfenbrunn (BAY) der Bundeseinradpokal, der gleichzeitig auch die Qualifikationsrunde f\u00fcr die Deutsche Hallenradsportmeisterschaft ist, statt. Mit dabei waren zwei Mannschaften der Spvgg.&hellip;\" \/>\n<meta property=\"og:url\" content=\"https:\/\/rw-moisling.de\/index.php\/2022\/09\/07\/bundespokal-2022\/\" \/>\n<meta property=\"og:site_name\" content=\"Rot-Wei\u00df Moisling\" \/>\n<meta property=\"article:published_time\" content=\"2022-09-07T17:55:32+00:00\" \/>\n<meta property=\"article:modified_time\" content=\"2022-09-10T15:35:01+00:00\" \/>\n<meta property=\"og:image\" content=\"https:\/\/rw-moisling.de\/wp-content\/uploads\/2022\/09\/IMG_20220904_075156_901.jpg\" \/>\n\t<meta property=\"og:image:width\" content=\"1080\" \/>\n\t<meta property=\"og:image:height\" content=\"1080\" \/>\n\t<meta property=\"og:image:type\" content=\"image\/jpeg\" \/>\n<meta name=\"author\" content=\"Anna\" \/>\n<meta name=\"twitter:card\" content=\"summary_large_image\" \/>\n<meta name=\"twitter:label1\" content=\"Verfasst von\" \/>\n\t<meta name=\"twitter:data1\" content=\"Anna\" \/>\n\t<meta name=\"twitter:label2\" content=\"Gesch\u00e4tzte Lesezeit\" \/>\n\t<meta name=\"twitter:data2\" content=\"2\u00a0Minuten\" \/>\n<script type=\"application\/ld+json\" class=\"yoast-schema-graph\">{\"@context\":\"https:\\\/\\\/schema.org\",\"@graph\":[{\"@type\":\"Article\",\"@id\":\"https:\\\/\\\/rw-moisling.de\\\/index.php\\\/2022\\\/09\\\/07\\\/bundespokal-2022\\\/#article\",\"isPartOf\":{\"@id\":\"https:\\\/\\\/rw-moisling.de\\\/index.php\\\/2022\\\/09\\\/07\\\/bundespokal-2022\\\/\"},\"author\":{\"name\":\"Anna\",\"@id\":\"https:\\\/\\\/rw-moisling.de\\\/#\\\/schema\\\/person\\\/d817b21fbd1db678ab4012faf2d6932f\"},\"headline\":\"Bundespokal 2022\",\"datePublished\":\"2022-09-07T17:55:32+00:00\",\"dateModified\":\"2022-09-10T15:35:01+00:00\",\"mainEntityOfPage\":{\"@id\":\"https:\\\/\\\/rw-moisling.de\\\/index.php\\\/2022\\\/09\\\/07\\\/bundespokal-2022\\\/\"},\"wordCount\":222,\"image\":{\"@id\":\"https:\\\/\\\/rw-moisling.de\\\/index.php\\\/2022\\\/09\\\/07\\\/bundespokal-2022\\\/#primaryimage\"},\"thumbnailUrl\":\"https:\\\/\\\/rw-moisling.de\\\/wp-content\\\/uploads\\\/2022\\\/09\\\/IMG_20220904_075156_901.jpg\",\"articleSection\":{\"1\":\"News\"},\"inLanguage\":\"de\"},{\"@type\":\"WebPage\",\"@id\":\"https:\\\/\\\/rw-moisling.de\\\/index.php\\\/2022\\\/09\\\/07\\\/bundespokal-2022\\\/\",\"url\":\"https:\\\/\\\/rw-moisling.de\\\/index.php\\\/2022\\\/09\\\/07\\\/bundespokal-2022\\\/\",\"name\":\"Bundespokal 2022 - Rot-Wei\u00df Moisling\",\"isPartOf\":{\"@id\":\"https:\\\/\\\/rw-moisling.de\\\/#website\"},\"primaryImageOfPage\":{\"@id\":\"https:\\\/\\\/rw-moisling.de\\\/index.php\\\/2022\\\/09\\\/07\\\/bundespokal-2022\\\/#primaryimage\"},\"image\":{\"@id\":\"https:\\\/\\\/rw-moisling.de\\\/index.php\\\/2022\\\/09\\\/07\\\/bundespokal-2022\\\/#primaryimage\"},\"thumbnailUrl\":\"https:\\\/\\\/rw-moisling.de\\\/wp-content\\\/uploads\\\/2022\\\/09\\\/IMG_20220904_075156_901.jpg\",\"datePublished\":\"2022-09-07T17:55:32+00:00\",\"dateModified\":\"2022-09-10T15:35:01+00:00\",\"author\":{\"@id\":\"https:\\\/\\\/rw-moisling.de\\\/#\\\/schema\\\/person\\\/d817b21fbd1db678ab4012faf2d6932f\"},\"breadcrumb\":{\"@id\":\"https:\\\/\\\/rw-moisling.de\\\/index.php\\\/2022\\\/09\\\/07\\\/bundespokal-2022\\\/#breadcrumb\"},\"inLanguage\":\"de\",\"potentialAction\":[{\"@type\":\"ReadAction\",\"target\":[\"https:\\\/\\\/rw-moisling.de\\\/index.php\\\/2022\\\/09\\\/07\\\/bundespokal-2022\\\/\"]}]},{\"@type\":\"ImageObject\",\"inLanguage\":\"de\",\"@id\":\"https:\\\/\\\/rw-moisling.de\\\/index.php\\\/2022\\\/09\\\/07\\\/bundespokal-2022\\\/#primaryimage\",\"url\":\"https:\\\/\\\/rw-moisling.de\\\/wp-content\\\/uploads\\\/2022\\\/09\\\/IMG_20220904_075156_901.jpg\",\"contentUrl\":\"https:\\\/\\\/rw-moisling.de\\\/wp-content\\\/uploads\\\/2022\\\/09\\\/IMG_20220904_075156_901.jpg\",\"width\":1080,\"height\":1080},{\"@type\":\"BreadcrumbList\",\"@id\":\"https:\\\/\\\/rw-moisling.de\\\/index.php\\\/2022\\\/09\\\/07\\\/bundespokal-2022\\\/#breadcrumb\",\"itemListElement\":[{\"@type\":\"ListItem\",\"position\":1,\"name\":\"Startseite\",\"item\":\"https:\\\/\\\/rw-moisling.de\\\/\"},{\"@type\":\"ListItem\",\"position\":2,\"name\":\"Bundespokal 2022\"}]},{\"@type\":\"WebSite\",\"@id\":\"https:\\\/\\\/rw-moisling.de\\\/#website\",\"url\":\"https:\\\/\\\/rw-moisling.de\\\/\",\"name\":\"Rot-Wei\u00df Moisling von 1911 e.V.\",\"description\":\"\",\"potentialAction\":[{\"@type\":\"SearchAction\",\"target\":{\"@type\":\"EntryPoint\",\"urlTemplate\":\"https:\\\/\\\/rw-moisling.de\\\/?s={search_term_string}\"},\"query-input\":{\"@type\":\"PropertyValueSpecification\",\"valueRequired\":true,\"valueName\":\"search_term_string\"}}],\"inLanguage\":\"de\"},{\"@type\":\"Person\",\"@id\":\"https:\\\/\\\/rw-moisling.de\\\/#\\\/schema\\\/person\\\/d817b21fbd1db678ab4012faf2d6932f\",\"name\":\"Anna\",\"url\":\"https:\\\/\\\/rw-moisling.de\\\/index.php\\\/author\\\/anna\\\/\"}]}<\/script>\n<!-- \/ Yoast SEO plugin. -->","yoast_head_json":{"title":"Bundespokal 2022 - Rot-Wei\u00df Moisling","robots":{"index":"index","follow":"follow","max-snippet":"max-snippet:-1","max-image-preview":"max-image-preview:large","max-video-preview":"max-video-preview:-1"},"canonical":"https:\/\/rw-moisling.de\/index.php\/2022\/09\/07\/bundespokal-2022\/","og_locale":"de_DE","og_type":"article","og_title":"Bundespokal 2022 - Rot-Wei\u00df Moisling","og_description":"Bundespokal 2022 &#8211; was f\u00fcr ein Wochenende! Am Samstag, den 03.09. fand in Wei\u00dfenbrunn (BAY) der Bundeseinradpokal, der gleichzeitig auch die Qualifikationsrunde f\u00fcr die Deutsche Hallenradsportmeisterschaft ist, statt. Mit dabei waren zwei Mannschaften der Spvgg.&hellip;","og_url":"https:\/\/rw-moisling.de\/index.php\/2022\/09\/07\/bundespokal-2022\/","og_site_name":"Rot-Wei\u00df Moisling","article_published_time":"2022-09-07T17:55:32+00:00","article_modified_time":"2022-09-10T15:35:01+00:00","og_image":[{"width":1080,"height":1080,"url":"https:\/\/rw-moisling.de\/wp-content\/uploads\/2022\/09\/IMG_20220904_075156_901.jpg","type":"image\/jpeg"}],"author":"Anna","twitter_card":"summary_large_image","twitter_misc":{"Verfasst von":"Anna","Gesch\u00e4tzte Lesezeit":"2\u00a0Minuten"},"schema":{"@context":"https:\/\/schema.org","@graph":[{"@type":"Article","@id":"https:\/\/rw-moisling.de\/index.php\/2022\/09\/07\/bundespokal-2022\/#article","isPartOf":{"@id":"https:\/\/rw-moisling.de\/index.php\/2022\/09\/07\/bundespokal-2022\/"},"author":{"name":"Anna","@id":"https:\/\/rw-moisling.de\/#\/schema\/person\/d817b21fbd1db678ab4012faf2d6932f"},"headline":"Bundespokal 2022","datePublished":"2022-09-07T17:55:32+00:00","dateModified":"2022-09-10T15:35:01+00:00","mainEntityOfPage":{"@id":"https:\/\/rw-moisling.de\/index.php\/2022\/09\/07\/bundespokal-2022\/"},"wordCount":222,"image":{"@id":"https:\/\/rw-moisling.de\/index.php\/2022\/09\/07\/bundespokal-2022\/#primaryimage"},"thumbnailUrl":"https:\/\/rw-moisling.de\/wp-content\/uploads\/2022\/09\/IMG_20220904_075156_901.jpg","articleSection":{"1":"News"},"inLanguage":"de"},{"@type":"WebPage","@id":"https:\/\/rw-moisling.de\/index.php\/2022\/09\/07\/bundespokal-2022\/","url":"https:\/\/rw-moisling.de\/index.php\/2022\/09\/07\/bundespokal-2022\/","name":"Bundespokal 2022 - Rot-Wei\u00df Moisling","isPartOf":{"@id":"https:\/\/rw-moisling.de\/#website"},"primaryImageOfPage":{"@id":"https:\/\/rw-moisling.de\/index.php\/2022\/09\/07\/bundespokal-2022\/#primaryimage"},"image":{"@id":"https:\/\/rw-moisling.de\/index.php\/2022\/09\/07\/bundespokal-2022\/#primaryimage"},"thumbnailUrl":"https:\/\/rw-moisling.de\/wp-content\/uploads\/2022\/09\/IMG_20220904_075156_901.jpg","datePublished":"2022-09-07T17:55:32+00:00","dateModified":"2022-09-10T15:35:01+00:00","author":{"@id":"https:\/\/rw-moisling.de\/#\/schema\/person\/d817b21fbd1db678ab4012faf2d6932f"},"breadcrumb":{"@id":"https:\/\/rw-moisling.de\/index.php\/2022\/09\/07\/bundespokal-2022\/#breadcrumb"},"inLanguage":"de","potentialAction":[{"@type":"ReadAction","target":["https:\/\/rw-moisling.de\/index.php\/2022\/09\/07\/bundespokal-2022\/"]}]},{"@type":"ImageObject","inLanguage":"de","@id":"https:\/\/rw-moisling.de\/index.php\/2022\/09\/07\/bundespokal-2022\/#primaryimage","url":"https:\/\/rw-moisling.de\/wp-content\/uploads\/2022\/09\/IMG_20220904_075156_901.jpg","contentUrl":"https:\/\/rw-moisling.de\/wp-content\/uploads\/2022\/09\/IMG_20220904_075156_901.jpg","width":1080,"height":1080},{"@type":"BreadcrumbList","@id":"https:\/\/rw-moisling.de\/index.php\/2022\/09\/07\/bundespokal-2022\/#breadcrumb","itemListElement":[{"@type":"ListItem","position":1,"name":"Startseite","item":"https:\/\/rw-moisling.de\/"},{"@type":"ListItem","position":2,"name":"Bundespokal 2022"}]},{"@type":"WebSite","@id":"https:\/\/rw-moisling.de\/#website","url":"https:\/\/rw-moisling.de\/","name":"Rot-Wei\u00df Moisling von 1911 e.V.","description":"","potentialAction":[{"@type":"SearchAction","target":{"@type":"EntryPoint","urlTemplate":"https:\/\/rw-moisling.de\/?s={search_term_string}"},"query-input":{"@type":"PropertyValueSpecification","valueRequired":true,"valueName":"search_term_string"}}],"inLanguage":"de"},{"@type":"Person","@id":"https:\/\/rw-moisling.de\/#\/schema\/person\/d817b21fbd1db678ab4012faf2d6932f","name":"Anna","url":"https:\/\/rw-moisling.de\/index.php\/author\/anna\/"}]}},"_links":{"self":[{"href":"https:\/\/rw-moisling.de\/index.php\/wp-json\/wp\/v2\/posts\/3149","targetHints":{"allow":["GET"]}}],"collection":[{"href":"https:\/\/rw-moisling.de\/index.php\/wp-json\/wp\/v2\/posts"}],"about":[{"href":"https:\/\/rw-moisling.de\/index.php\/wp-json\/wp\/v2\/types\/post"}],"author":[{"embeddable":true,"href":"https:\/\/rw-moisling.de\/index.php\/wp-json\/wp\/v2\/users\/4"}],"replies":[{"embeddable":true,"href":"https:\/\/rw-moisling.de\/index.php\/wp-json\/wp\/v2\/comments?post=3149"}],"version-history":[{"count":4,"href":"https:\/\/rw-moisling.de\/index.php\/wp-json\/wp\/v2\/posts\/3149\/revisions"}],"predecessor-version":[{"id":3153,"href":"https:\/\/rw-moisling.de\/index.php\/wp-json\/wp\/v2\/posts\/3149\/revisions\/3153"}],"wp:featuredmedia":[{"embeddable":true,"href":"https:\/\/rw-moisling.de\/index.php\/wp-json\/wp\/v2\/media\/3146"}],"wp:attachment":[{"href":"https:\/\/rw-moisling.de\/index.php\/wp-json\/wp\/v2\/media?parent=3149"}],"wp:term":[{"taxonomy":"category","embeddable":true,"href":"https:\/\/rw-moisling.de\/index.php\/wp-json\/wp\/v2\/categories?post=3149"},{"taxonomy":"post_tag","embeddable":true,"href":"https:\/\/rw-moisling.de\/index.php\/wp-json\/wp\/v2\/tags?post=3149"}],"curies":[{"name":"wp","href":"https:\/\/api.w.org\/{rel}","templated":true}]}}