{"id":3041,"date":"2022-07-03T22:41:48","date_gmt":"2022-07-03T20:41:48","guid":{"rendered":"https:\/\/rw-moisling.de\/?p=3041"},"modified":"2022-07-03T22:42:47","modified_gmt":"2022-07-03T20:42:47","slug":"karatekas-von-rot-weiss-moisling-erneut-erfolgreich-bei-der-sichtung-zur-aufnahme-in-den-karate-landeskader-von-schleswig-holstein","status":"publish","type":"post","link":"https:\/\/rw-moisling.de\/index.php\/2022\/07\/03\/karatekas-von-rot-weiss-moisling-erneut-erfolgreich-bei-der-sichtung-zur-aufnahme-in-den-karate-landeskader-von-schleswig-holstein\/","title":{"rendered":"Karatekas von Rot Wei\u00df Moisling erneut erfolgreich bei der Sichtung zur Aufnahme in den Karate &#8211; Landeskader von Schleswig-Holstein."},"content":{"rendered":"<p>Am Sonntag, den 19.06.2022 f\u00fchrte der Karate Verband Schleswig-Holstein in Neum\u00fcnster die Sichtung f\u00fcr Neuaufnahmen in den Karate Landeskader durch. Insgesamt wurden durch die schleswig-holsteinischen Karatevereine vierzehn Karatekas angemeldet.<\/p>\n<p>F\u00fcr die Karate Abteilung der L\u00fcbecker Spielvereinigung von Rot Wei\u00df Moisling (RWM) wurden Vico von Pentz (14, Blaugurt) Sina Klemm (12, Orangegurt), und Beeke Kupffer (10, Orangegurt) gemeldet. Nach umfangreicher Vorbereitung im Heim-Dojo, und einigen Trainingseinheiten beim Kata-Landestrainer Lars Tiemann im Rahmen der F\u00f6rdergruppe, hat sich der Kampfgeist und sportliche Einsatz der drei L\u00fcbecker gelohnt.<\/p>\n<p>Beeke Kupffer schaffte, als einzige der gemeldeten Teilnehmer, den Einzug in den A-Landeskader, Vico von Pentz verpasste diesen Einzug nur knapp, was klar eine Folge der Corona-Pause war, da in dieser Zeit keine G\u00fcrtelpr\u00fcfungen durchgef\u00fchrt werden durften. Er sicherte sich einen guten Platz im B-Kader und gleichzeitig wurde ihm durch den Landestrainer bei weiterer positiver Entwicklung ein Nachrutschen in den A-Kader zugesagt.<\/p>\n<p>\u00c4hnliches galt f\u00fcr Sina Klemm. Sie versuchte ihr Bestes zu geben, scheiterte dann aber auf Grund gesundheitlicher Einschr\u00e4nkungen. Auch sie solle laut Landestrainer Tiemann \u201edran bleiben\u201c und bekommt dann eine neue Chance, da er bei Sina durchaus Potenzial sehe.<\/p>\n<p>Der Landeskader Schleswig-Holstein ist vergleichbar mit einer \u201eNationalmannschaft\u201c, der sportlich und finanziell durch das Land gef\u00f6rdert wird. Die Mitglieder starten unter anderem bei Deutschen Meisterschaften f\u00fcr das Bundesland Schleswig-Holstein.<\/p>\n<figure id=\"attachment_3042\" aria-describedby=\"caption-attachment-3042\" style=\"width: 226px\" class=\"wp-caption alignnone\"><img loading=\"lazy\" decoding=\"async\" class=\"size-medium wp-image-3042\" src=\"https:\/\/rw-moisling.de\/wp-content\/uploads\/2022\/07\/karate-226x300.png\" alt=\"\" width=\"226\" height=\"300\" srcset=\"https:\/\/rw-moisling.de\/wp-content\/uploads\/2022\/07\/karate-226x300.png 226w, https:\/\/rw-moisling.de\/wp-content\/uploads\/2022\/07\/karate.png 424w\" sizes=\"auto, (max-width: 226px) 100vw, 226px\" \/><figcaption id=\"caption-attachment-3042\" class=\"wp-caption-text\">1v.l. B. Kupffer, V. von Pentz, S. Klemm<\/figcaption><\/figure>\n","protected":false},"excerpt":{"rendered":"<p>Am Sonntag, den 19.06.2022 f\u00fchrte der Karate Verband Schleswig-Holstein in Neum\u00fcnster die Sichtung f\u00fcr Neuaufnahmen in den Karate Landeskader durch. Insgesamt wurden durch die schleswig-holsteinischen Karatevereine vierzehn Karatekas angemeldet. F\u00fcr die Karate Abteilung der L\u00fcbecker&hellip;<\/p>\n","protected":false},"author":15,"featured_media":3042,"comment_status":"closed","ping_status":"closed","sticky":false,"template":"","format":"standard","meta":{"footnotes":""},"categories":[1],"tags":[],"class_list":["post-3041","post","type-post","status-publish","format-standard","has-post-thumbnail","hentry","category-allgemein"],"yoast_head":"<!-- This site is optimized with the Yoast SEO plugin v27.5 - https:\/\/yoast.com\/product\/yoast-seo-wordpress\/ -->\n<title>Karatekas von Rot Wei\u00df Moisling erneut erfolgreich bei der Sichtung zur Aufnahme in den Karate - Landeskader von Schleswig-Holstein. - Rot-Wei\u00df Moisling<\/title>\n<meta name=\"robots\" content=\"index, follow, max-snippet:-1, max-image-preview:large, max-video-preview:-1\" \/>\n<link rel=\"canonical\" href=\"https:\/\/rw-moisling.de\/index.php\/2022\/07\/03\/karatekas-von-rot-weiss-moisling-erneut-erfolgreich-bei-der-sichtung-zur-aufnahme-in-den-karate-landeskader-von-schleswig-holstein\/\" \/>\n<meta property=\"og:locale\" content=\"de_DE\" \/>\n<meta property=\"og:type\" content=\"article\" \/>\n<meta property=\"og:title\" content=\"Karatekas von Rot Wei\u00df Moisling erneut erfolgreich bei der Sichtung zur Aufnahme in den Karate - Landeskader von Schleswig-Holstein. - Rot-Wei\u00df Moisling\" \/>\n<meta property=\"og:description\" content=\"Am Sonntag, den 19.06.2022 f\u00fchrte der Karate Verband Schleswig-Holstein in Neum\u00fcnster die Sichtung f\u00fcr Neuaufnahmen in den Karate Landeskader durch. Insgesamt wurden durch die schleswig-holsteinischen Karatevereine vierzehn Karatekas angemeldet. F\u00fcr die Karate Abteilung der L\u00fcbecker&hellip;\" \/>\n<meta property=\"og:url\" content=\"https:\/\/rw-moisling.de\/index.php\/2022\/07\/03\/karatekas-von-rot-weiss-moisling-erneut-erfolgreich-bei-der-sichtung-zur-aufnahme-in-den-karate-landeskader-von-schleswig-holstein\/\" \/>\n<meta property=\"og:site_name\" content=\"Rot-Wei\u00df Moisling\" \/>\n<meta property=\"article:published_time\" content=\"2022-07-03T20:41:48+00:00\" \/>\n<meta property=\"article:modified_time\" content=\"2022-07-03T20:42:47+00:00\" \/>\n<meta property=\"og:image\" content=\"https:\/\/rw-moisling.de\/wp-content\/uploads\/2022\/07\/karate.png\" \/>\n\t<meta property=\"og:image:width\" content=\"424\" \/>\n\t<meta property=\"og:image:height\" content=\"564\" \/>\n\t<meta property=\"og:image:type\" content=\"image\/png\" \/>\n<meta name=\"author\" content=\"Jan Krafzick\" \/>\n<meta name=\"twitter:card\" content=\"summary_large_image\" \/>\n<meta name=\"twitter:label1\" content=\"Verfasst von\" \/>\n\t<meta name=\"twitter:data1\" content=\"Jan Krafzick\" \/>\n\t<meta name=\"twitter:label2\" content=\"Gesch\u00e4tzte Lesezeit\" \/>\n\t<meta name=\"twitter:data2\" content=\"1\u00a0Minute\" \/>\n<script type=\"application\/ld+json\" class=\"yoast-schema-graph\">{\"@context\":\"https:\\\/\\\/schema.org\",\"@graph\":[{\"@type\":\"Article\",\"@id\":\"https:\\\/\\\/rw-moisling.de\\\/index.php\\\/2022\\\/07\\\/03\\\/karatekas-von-rot-weiss-moisling-erneut-erfolgreich-bei-der-sichtung-zur-aufnahme-in-den-karate-landeskader-von-schleswig-holstein\\\/#article\",\"isPartOf\":{\"@id\":\"https:\\\/\\\/rw-moisling.de\\\/index.php\\\/2022\\\/07\\\/03\\\/karatekas-von-rot-weiss-moisling-erneut-erfolgreich-bei-der-sichtung-zur-aufnahme-in-den-karate-landeskader-von-schleswig-holstein\\\/\"},\"author\":{\"name\":\"Jan Krafzick\",\"@id\":\"https:\\\/\\\/rw-moisling.de\\\/#\\\/schema\\\/person\\\/f3cdde4b84733088913f9b5a8b9afaf8\"},\"headline\":\"Karatekas von Rot Wei\u00df Moisling erneut erfolgreich bei der Sichtung zur Aufnahme in den Karate &#8211; Landeskader von Schleswig-Holstein.\",\"datePublished\":\"2022-07-03T20:41:48+00:00\",\"dateModified\":\"2022-07-03T20:42:47+00:00\",\"mainEntityOfPage\":{\"@id\":\"https:\\\/\\\/rw-moisling.de\\\/index.php\\\/2022\\\/07\\\/03\\\/karatekas-von-rot-weiss-moisling-erneut-erfolgreich-bei-der-sichtung-zur-aufnahme-in-den-karate-landeskader-von-schleswig-holstein\\\/\"},\"wordCount\":259,\"image\":{\"@id\":\"https:\\\/\\\/rw-moisling.de\\\/index.php\\\/2022\\\/07\\\/03\\\/karatekas-von-rot-weiss-moisling-erneut-erfolgreich-bei-der-sichtung-zur-aufnahme-in-den-karate-landeskader-von-schleswig-holstein\\\/#primaryimage\"},\"thumbnailUrl\":\"https:\\\/\\\/rw-moisling.de\\\/wp-content\\\/uploads\\\/2022\\\/07\\\/karate.png\",\"inLanguage\":\"de\"},{\"@type\":\"WebPage\",\"@id\":\"https:\\\/\\\/rw-moisling.de\\\/index.php\\\/2022\\\/07\\\/03\\\/karatekas-von-rot-weiss-moisling-erneut-erfolgreich-bei-der-sichtung-zur-aufnahme-in-den-karate-landeskader-von-schleswig-holstein\\\/\",\"url\":\"https:\\\/\\\/rw-moisling.de\\\/index.php\\\/2022\\\/07\\\/03\\\/karatekas-von-rot-weiss-moisling-erneut-erfolgreich-bei-der-sichtung-zur-aufnahme-in-den-karate-landeskader-von-schleswig-holstein\\\/\",\"name\":\"Karatekas von Rot Wei\u00df Moisling erneut erfolgreich bei der Sichtung zur Aufnahme in den Karate - Landeskader von Schleswig-Holstein. - Rot-Wei\u00df Moisling\",\"isPartOf\":{\"@id\":\"https:\\\/\\\/rw-moisling.de\\\/#website\"},\"primaryImageOfPage\":{\"@id\":\"https:\\\/\\\/rw-moisling.de\\\/index.php\\\/2022\\\/07\\\/03\\\/karatekas-von-rot-weiss-moisling-erneut-erfolgreich-bei-der-sichtung-zur-aufnahme-in-den-karate-landeskader-von-schleswig-holstein\\\/#primaryimage\"},\"image\":{\"@id\":\"https:\\\/\\\/rw-moisling.de\\\/index.php\\\/2022\\\/07\\\/03\\\/karatekas-von-rot-weiss-moisling-erneut-erfolgreich-bei-der-sichtung-zur-aufnahme-in-den-karate-landeskader-von-schleswig-holstein\\\/#primaryimage\"},\"thumbnailUrl\":\"https:\\\/\\\/rw-moisling.de\\\/wp-content\\\/uploads\\\/2022\\\/07\\\/karate.png\",\"datePublished\":\"2022-07-03T20:41:48+00:00\",\"dateModified\":\"2022-07-03T20:42:47+00:00\",\"author\":{\"@id\":\"https:\\\/\\\/rw-moisling.de\\\/#\\\/schema\\\/person\\\/f3cdde4b84733088913f9b5a8b9afaf8\"},\"breadcrumb\":{\"@id\":\"https:\\\/\\\/rw-moisling.de\\\/index.php\\\/2022\\\/07\\\/03\\\/karatekas-von-rot-weiss-moisling-erneut-erfolgreich-bei-der-sichtung-zur-aufnahme-in-den-karate-landeskader-von-schleswig-holstein\\\/#breadcrumb\"},\"inLanguage\":\"de\",\"potentialAction\":[{\"@type\":\"ReadAction\",\"target\":[\"https:\\\/\\\/rw-moisling.de\\\/index.php\\\/2022\\\/07\\\/03\\\/karatekas-von-rot-weiss-moisling-erneut-erfolgreich-bei-der-sichtung-zur-aufnahme-in-den-karate-landeskader-von-schleswig-holstein\\\/\"]}]},{\"@type\":\"ImageObject\",\"inLanguage\":\"de\",\"@id\":\"https:\\\/\\\/rw-moisling.de\\\/index.php\\\/2022\\\/07\\\/03\\\/karatekas-von-rot-weiss-moisling-erneut-erfolgreich-bei-der-sichtung-zur-aufnahme-in-den-karate-landeskader-von-schleswig-holstein\\\/#primaryimage\",\"url\":\"https:\\\/\\\/rw-moisling.de\\\/wp-content\\\/uploads\\\/2022\\\/07\\\/karate.png\",\"contentUrl\":\"https:\\\/\\\/rw-moisling.de\\\/wp-content\\\/uploads\\\/2022\\\/07\\\/karate.png\",\"width\":424,\"height\":564,\"caption\":\"1v.l. B. Kupffer, V. von Pentz, S. Klemm\"},{\"@type\":\"BreadcrumbList\",\"@id\":\"https:\\\/\\\/rw-moisling.de\\\/index.php\\\/2022\\\/07\\\/03\\\/karatekas-von-rot-weiss-moisling-erneut-erfolgreich-bei-der-sichtung-zur-aufnahme-in-den-karate-landeskader-von-schleswig-holstein\\\/#breadcrumb\",\"itemListElement\":[{\"@type\":\"ListItem\",\"position\":1,\"name\":\"Startseite\",\"item\":\"https:\\\/\\\/rw-moisling.de\\\/\"},{\"@type\":\"ListItem\",\"position\":2,\"name\":\"Karatekas von Rot Wei\u00df Moisling erneut erfolgreich bei der Sichtung zur Aufnahme in den Karate &#8211; Landeskader von Schleswig-Holstein.\"}]},{\"@type\":\"WebSite\",\"@id\":\"https:\\\/\\\/rw-moisling.de\\\/#website\",\"url\":\"https:\\\/\\\/rw-moisling.de\\\/\",\"name\":\"Rot-Wei\u00df Moisling von 1911 e.V.\",\"description\":\"\",\"potentialAction\":[{\"@type\":\"SearchAction\",\"target\":{\"@type\":\"EntryPoint\",\"urlTemplate\":\"https:\\\/\\\/rw-moisling.de\\\/?s={search_term_string}\"},\"query-input\":{\"@type\":\"PropertyValueSpecification\",\"valueRequired\":true,\"valueName\":\"search_term_string\"}}],\"inLanguage\":\"de\"},{\"@type\":\"Person\",\"@id\":\"https:\\\/\\\/rw-moisling.de\\\/#\\\/schema\\\/person\\\/f3cdde4b84733088913f9b5a8b9afaf8\",\"name\":\"Jan Krafzick\",\"url\":\"https:\\\/\\\/rw-moisling.de\\\/index.php\\\/author\\\/jk\\\/\"}]}<\/script>\n<!-- \/ Yoast SEO plugin. -->","yoast_head_json":{"title":"Karatekas von Rot Wei\u00df Moisling erneut erfolgreich bei der Sichtung zur Aufnahme in den Karate - Landeskader von Schleswig-Holstein. - Rot-Wei\u00df Moisling","robots":{"index":"index","follow":"follow","max-snippet":"max-snippet:-1","max-image-preview":"max-image-preview:large","max-video-preview":"max-video-preview:-1"},"canonical":"https:\/\/rw-moisling.de\/index.php\/2022\/07\/03\/karatekas-von-rot-weiss-moisling-erneut-erfolgreich-bei-der-sichtung-zur-aufnahme-in-den-karate-landeskader-von-schleswig-holstein\/","og_locale":"de_DE","og_type":"article","og_title":"Karatekas von Rot Wei\u00df Moisling erneut erfolgreich bei der Sichtung zur Aufnahme in den Karate - Landeskader von Schleswig-Holstein. - Rot-Wei\u00df Moisling","og_description":"Am Sonntag, den 19.06.2022 f\u00fchrte der Karate Verband Schleswig-Holstein in Neum\u00fcnster die Sichtung f\u00fcr Neuaufnahmen in den Karate Landeskader durch. Insgesamt wurden durch die schleswig-holsteinischen Karatevereine vierzehn Karatekas angemeldet. F\u00fcr die Karate Abteilung der L\u00fcbecker&hellip;","og_url":"https:\/\/rw-moisling.de\/index.php\/2022\/07\/03\/karatekas-von-rot-weiss-moisling-erneut-erfolgreich-bei-der-sichtung-zur-aufnahme-in-den-karate-landeskader-von-schleswig-holstein\/","og_site_name":"Rot-Wei\u00df Moisling","article_published_time":"2022-07-03T20:41:48+00:00","article_modified_time":"2022-07-03T20:42:47+00:00","og_image":[{"width":424,"height":564,"url":"https:\/\/rw-moisling.de\/wp-content\/uploads\/2022\/07\/karate.png","type":"image\/png"}],"author":"Jan Krafzick","twitter_card":"summary_large_image","twitter_misc":{"Verfasst von":"Jan Krafzick","Gesch\u00e4tzte Lesezeit":"1\u00a0Minute"},"schema":{"@context":"https:\/\/schema.org","@graph":[{"@type":"Article","@id":"https:\/\/rw-moisling.de\/index.php\/2022\/07\/03\/karatekas-von-rot-weiss-moisling-erneut-erfolgreich-bei-der-sichtung-zur-aufnahme-in-den-karate-landeskader-von-schleswig-holstein\/#article","isPartOf":{"@id":"https:\/\/rw-moisling.de\/index.php\/2022\/07\/03\/karatekas-von-rot-weiss-moisling-erneut-erfolgreich-bei-der-sichtung-zur-aufnahme-in-den-karate-landeskader-von-schleswig-holstein\/"},"author":{"name":"Jan Krafzick","@id":"https:\/\/rw-moisling.de\/#\/schema\/person\/f3cdde4b84733088913f9b5a8b9afaf8"},"headline":"Karatekas von Rot Wei\u00df Moisling erneut erfolgreich bei der Sichtung zur Aufnahme in den Karate &#8211; Landeskader von Schleswig-Holstein.","datePublished":"2022-07-03T20:41:48+00:00","dateModified":"2022-07-03T20:42:47+00:00","mainEntityOfPage":{"@id":"https:\/\/rw-moisling.de\/index.php\/2022\/07\/03\/karatekas-von-rot-weiss-moisling-erneut-erfolgreich-bei-der-sichtung-zur-aufnahme-in-den-karate-landeskader-von-schleswig-holstein\/"},"wordCount":259,"image":{"@id":"https:\/\/rw-moisling.de\/index.php\/2022\/07\/03\/karatekas-von-rot-weiss-moisling-erneut-erfolgreich-bei-der-sichtung-zur-aufnahme-in-den-karate-landeskader-von-schleswig-holstein\/#primaryimage"},"thumbnailUrl":"https:\/\/rw-moisling.de\/wp-content\/uploads\/2022\/07\/karate.png","inLanguage":"de"},{"@type":"WebPage","@id":"https:\/\/rw-moisling.de\/index.php\/2022\/07\/03\/karatekas-von-rot-weiss-moisling-erneut-erfolgreich-bei-der-sichtung-zur-aufnahme-in-den-karate-landeskader-von-schleswig-holstein\/","url":"https:\/\/rw-moisling.de\/index.php\/2022\/07\/03\/karatekas-von-rot-weiss-moisling-erneut-erfolgreich-bei-der-sichtung-zur-aufnahme-in-den-karate-landeskader-von-schleswig-holstein\/","name":"Karatekas von Rot Wei\u00df Moisling erneut erfolgreich bei der Sichtung zur Aufnahme in den Karate - Landeskader von Schleswig-Holstein. - Rot-Wei\u00df Moisling","isPartOf":{"@id":"https:\/\/rw-moisling.de\/#website"},"primaryImageOfPage":{"@id":"https:\/\/rw-moisling.de\/index.php\/2022\/07\/03\/karatekas-von-rot-weiss-moisling-erneut-erfolgreich-bei-der-sichtung-zur-aufnahme-in-den-karate-landeskader-von-schleswig-holstein\/#primaryimage"},"image":{"@id":"https:\/\/rw-moisling.de\/index.php\/2022\/07\/03\/karatekas-von-rot-weiss-moisling-erneut-erfolgreich-bei-der-sichtung-zur-aufnahme-in-den-karate-landeskader-von-schleswig-holstein\/#primaryimage"},"thumbnailUrl":"https:\/\/rw-moisling.de\/wp-content\/uploads\/2022\/07\/karate.png","datePublished":"2022-07-03T20:41:48+00:00","dateModified":"2022-07-03T20:42:47+00:00","author":{"@id":"https:\/\/rw-moisling.de\/#\/schema\/person\/f3cdde4b84733088913f9b5a8b9afaf8"},"breadcrumb":{"@id":"https:\/\/rw-moisling.de\/index.php\/2022\/07\/03\/karatekas-von-rot-weiss-moisling-erneut-erfolgreich-bei-der-sichtung-zur-aufnahme-in-den-karate-landeskader-von-schleswig-holstein\/#breadcrumb"},"inLanguage":"de","potentialAction":[{"@type":"ReadAction","target":["https:\/\/rw-moisling.de\/index.php\/2022\/07\/03\/karatekas-von-rot-weiss-moisling-erneut-erfolgreich-bei-der-sichtung-zur-aufnahme-in-den-karate-landeskader-von-schleswig-holstein\/"]}]},{"@type":"ImageObject","inLanguage":"de","@id":"https:\/\/rw-moisling.de\/index.php\/2022\/07\/03\/karatekas-von-rot-weiss-moisling-erneut-erfolgreich-bei-der-sichtung-zur-aufnahme-in-den-karate-landeskader-von-schleswig-holstein\/#primaryimage","url":"https:\/\/rw-moisling.de\/wp-content\/uploads\/2022\/07\/karate.png","contentUrl":"https:\/\/rw-moisling.de\/wp-content\/uploads\/2022\/07\/karate.png","width":424,"height":564,"caption":"1v.l. B. Kupffer, V. von Pentz, S. Klemm"},{"@type":"BreadcrumbList","@id":"https:\/\/rw-moisling.de\/index.php\/2022\/07\/03\/karatekas-von-rot-weiss-moisling-erneut-erfolgreich-bei-der-sichtung-zur-aufnahme-in-den-karate-landeskader-von-schleswig-holstein\/#breadcrumb","itemListElement":[{"@type":"ListItem","position":1,"name":"Startseite","item":"https:\/\/rw-moisling.de\/"},{"@type":"ListItem","position":2,"name":"Karatekas von Rot Wei\u00df Moisling erneut erfolgreich bei der Sichtung zur Aufnahme in den Karate &#8211; Landeskader von Schleswig-Holstein."}]},{"@type":"WebSite","@id":"https:\/\/rw-moisling.de\/#website","url":"https:\/\/rw-moisling.de\/","name":"Rot-Wei\u00df Moisling von 1911 e.V.","description":"","potentialAction":[{"@type":"SearchAction","target":{"@type":"EntryPoint","urlTemplate":"https:\/\/rw-moisling.de\/?s={search_term_string}"},"query-input":{"@type":"PropertyValueSpecification","valueRequired":true,"valueName":"search_term_string"}}],"inLanguage":"de"},{"@type":"Person","@id":"https:\/\/rw-moisling.de\/#\/schema\/person\/f3cdde4b84733088913f9b5a8b9afaf8","name":"Jan Krafzick","url":"https:\/\/rw-moisling.de\/index.php\/author\/jk\/"}]}},"_links":{"self":[{"href":"https:\/\/rw-moisling.de\/index.php\/wp-json\/wp\/v2\/posts\/3041","targetHints":{"allow":["GET"]}}],"collection":[{"href":"https:\/\/rw-moisling.de\/index.php\/wp-json\/wp\/v2\/posts"}],"about":[{"href":"https:\/\/rw-moisling.de\/index.php\/wp-json\/wp\/v2\/types\/post"}],"author":[{"embeddable":true,"href":"https:\/\/rw-moisling.de\/index.php\/wp-json\/wp\/v2\/users\/15"}],"replies":[{"embeddable":true,"href":"https:\/\/rw-moisling.de\/index.php\/wp-json\/wp\/v2\/comments?post=3041"}],"version-history":[{"count":2,"href":"https:\/\/rw-moisling.de\/index.php\/wp-json\/wp\/v2\/posts\/3041\/revisions"}],"predecessor-version":[{"id":3044,"href":"https:\/\/rw-moisling.de\/index.php\/wp-json\/wp\/v2\/posts\/3041\/revisions\/3044"}],"wp:featuredmedia":[{"embeddable":true,"href":"https:\/\/rw-moisling.de\/index.php\/wp-json\/wp\/v2\/media\/3042"}],"wp:attachment":[{"href":"https:\/\/rw-moisling.de\/index.php\/wp-json\/wp\/v2\/media?parent=3041"}],"wp:term":[{"taxonomy":"category","embeddable":true,"href":"https:\/\/rw-moisling.de\/index.php\/wp-json\/wp\/v2\/categories?post=3041"},{"taxonomy":"post_tag","embeddable":true,"href":"https:\/\/rw-moisling.de\/index.php\/wp-json\/wp\/v2\/tags?post=3041"}],"curies":[{"name":"wp","href":"https:\/\/api.w.org\/{rel}","templated":true}]}}