{"id":2966,"date":"2022-05-16T20:36:08","date_gmt":"2022-05-16T18:36:08","guid":{"rendered":"https:\/\/rw-moisling.de\/?p=2966"},"modified":"2022-05-16T20:36:08","modified_gmt":"2022-05-16T18:36:08","slug":"landesmeisterschaft-schuelerinnen-und-fruehlingswettbewerb","status":"publish","type":"post","link":"https:\/\/rw-moisling.de\/index.php\/2022\/05\/16\/landesmeisterschaft-schuelerinnen-und-fruehlingswettbewerb\/","title":{"rendered":"Landesmeisterschaft Sch\u00fcler:innen und Fr\u00fchlingswettbewerb"},"content":{"rendered":"<p>Am Sonntag waren wir in Heikendorf zur Landesmeisterschaft der Sch\u00fcler:innen sowie dem Fr\u00fchlingswettbewerb. Trotz Corona-bedingt verkleinerter Mannschaft konnten wir uns einen ersten und zwei zweite Pl\u00e4tze sichern. F\u00fcr die Kunstraddisziplinen ist das n\u00e4chste Turnier erst im November, also bleibt dort \u00fcber den Sommer jede Menge Zeit, neue \u00dcbungen zu lernen und die eingereichten Punkte zu erh\u00f6hen. Im Einrad geht es schon im September weiter mit dem Bundespokal der Elite. Drei Mannschaften aus Moisling sind daf\u00fcr qualifiziert.<\/p>\n<p>Neben der Verbesserung des Programms wollen wir auch mehr Kinder und Jugendliche motivieren, sich wieder sportlich zu bet\u00e4tigen und den Hallenradsport kennenzulernen. Nicht nur w\u00e4hrend Ferienpassaktionen, sondern auch im regul\u00e4ren Training kann man gerne jederzeit bei uns vorbeischauen und sich auf&#8217;s Rad schwingen. Wir haben R\u00e4der und Trainer:innen bereit!<\/p>\n<div class=\"foogallery foogallery-container foogallery-thumbnail foogallery-single-thumbnail foogallery-lightbox-foobox fg-center fg-thumbnail fg-ready fg-light fg-border-thin fg-shadow-outline fg-loading-default fg-loaded-fade-in fg-caption-hover fg-hover-fade fg-hover-zoom\" id=\"foogallery-gallery-2969\" data-foogallery=\"{&quot;item&quot;:{&quot;showCaptionTitle&quot;:true,&quot;showCaptionDescription&quot;:true},&quot;lazy&quot;:true}\" style=\"--fg-title-line-clamp: 0; --fg-description-line-clamp: 0;\" >\n    <div class=\"fg-item fg-type-image fg-idle\"><figure class=\"fg-item-inner\"><a href=\"https:\/\/rw-moisling.de\/wp-content\/uploads\/2022\/05\/IMG_20220515_125228-scaled.jpg\" data-attachment-id=\"2967\" rel=\"lightbox[2969]\" data-type=\"image\" class=\"fg-thumb\"><span class=\"fg-image-wrap\"><img fetchpriority=\"high\" decoding=\"async\" width=\"250\" height=\"200\" class=\"skip-lazy fg-image\" data-src-fg=\"https:\/\/rw-moisling.de\/wp-content\/uploads\/cache\/2022\/05\/IMG_20220515_125228-scaled\/232040972.jpg\" src=\"data:image\/svg+xml,%3Csvg%20xmlns%3D%22http%3A%2F%2Fwww.w3.org%2F2000%2Fsvg%22%20width%3D%22250%22%20height%3D%22200%22%20viewBox%3D%220%200%20250%20200%22%3E%3C%2Fsvg%3E\" loading=\"eager\"><\/span><span class=\"fg-image-overlay\"><\/span><\/a><\/figure><div class=\"fg-loader\"><\/div><\/div>        <div class=\"fg-st-hidden\">\n            <\/div>\n<\/div>\n\n","protected":false},"excerpt":{"rendered":"<p>Am Sonntag waren wir in Heikendorf zur Landesmeisterschaft der Sch\u00fcler:innen sowie dem Fr\u00fchlingswettbewerb. Trotz Corona-bedingt verkleinerter Mannschaft konnten wir uns einen ersten und zwei zweite Pl\u00e4tze sichern. F\u00fcr die Kunstraddisziplinen ist das n\u00e4chste Turnier erst&hellip;<\/p>\n","protected":false},"author":4,"featured_media":2967,"comment_status":"closed","ping_status":"closed","sticky":false,"template":"","format":"image","meta":{"footnotes":""},"categories":[1,13],"tags":[],"class_list":["post-2966","post","type-post","status-publish","format-image","has-post-thumbnail","hentry","category-allgemein","category-news","post_format-post-format-image"],"yoast_head":"<!-- This site is optimized with the Yoast SEO plugin v27.5 - https:\/\/yoast.com\/product\/yoast-seo-wordpress\/ -->\n<title>Landesmeisterschaft Sch\u00fcler:innen und Fr\u00fchlingswettbewerb - Rot-Wei\u00df Moisling<\/title>\n<meta name=\"robots\" content=\"index, follow, max-snippet:-1, max-image-preview:large, max-video-preview:-1\" \/>\n<link rel=\"canonical\" href=\"https:\/\/rw-moisling.de\/index.php\/2022\/05\/16\/landesmeisterschaft-schuelerinnen-und-fruehlingswettbewerb\/\" \/>\n<meta property=\"og:locale\" content=\"de_DE\" \/>\n<meta property=\"og:type\" content=\"article\" \/>\n<meta property=\"og:title\" content=\"Landesmeisterschaft Sch\u00fcler:innen und Fr\u00fchlingswettbewerb - Rot-Wei\u00df Moisling\" \/>\n<meta property=\"og:description\" content=\"Am Sonntag waren wir in Heikendorf zur Landesmeisterschaft der Sch\u00fcler:innen sowie dem Fr\u00fchlingswettbewerb. Trotz Corona-bedingt verkleinerter Mannschaft konnten wir uns einen ersten und zwei zweite Pl\u00e4tze sichern. F\u00fcr die Kunstraddisziplinen ist das n\u00e4chste Turnier erst&hellip;\" \/>\n<meta property=\"og:url\" content=\"https:\/\/rw-moisling.de\/index.php\/2022\/05\/16\/landesmeisterschaft-schuelerinnen-und-fruehlingswettbewerb\/\" \/>\n<meta property=\"og:site_name\" content=\"Rot-Wei\u00df Moisling\" \/>\n<meta property=\"article:published_time\" content=\"2022-05-16T18:36:08+00:00\" \/>\n<meta property=\"og:image\" content=\"https:\/\/rw-moisling.de\/wp-content\/uploads\/2022\/05\/IMG_20220515_125228-768x1024.jpg\" \/>\n\t<meta property=\"og:image:width\" content=\"768\" \/>\n\t<meta property=\"og:image:height\" content=\"1024\" \/>\n\t<meta property=\"og:image:type\" content=\"image\/jpeg\" \/>\n<meta name=\"author\" content=\"Anna\" \/>\n<meta name=\"twitter:card\" content=\"summary_large_image\" \/>\n<meta name=\"twitter:label1\" content=\"Verfasst von\" \/>\n\t<meta name=\"twitter:data1\" content=\"Anna\" \/>\n\t<meta name=\"twitter:label2\" content=\"Gesch\u00e4tzte Lesezeit\" \/>\n\t<meta name=\"twitter:data2\" content=\"1\u00a0Minute\" \/>\n<script type=\"application\/ld+json\" class=\"yoast-schema-graph\">{\"@context\":\"https:\\\/\\\/schema.org\",\"@graph\":[{\"@type\":\"Article\",\"@id\":\"https:\\\/\\\/rw-moisling.de\\\/index.php\\\/2022\\\/05\\\/16\\\/landesmeisterschaft-schuelerinnen-und-fruehlingswettbewerb\\\/#article\",\"isPartOf\":{\"@id\":\"https:\\\/\\\/rw-moisling.de\\\/index.php\\\/2022\\\/05\\\/16\\\/landesmeisterschaft-schuelerinnen-und-fruehlingswettbewerb\\\/\"},\"author\":{\"name\":\"Anna\",\"@id\":\"https:\\\/\\\/rw-moisling.de\\\/#\\\/schema\\\/person\\\/d817b21fbd1db678ab4012faf2d6932f\"},\"headline\":\"Landesmeisterschaft Sch\u00fcler:innen und Fr\u00fchlingswettbewerb\",\"datePublished\":\"2022-05-16T18:36:08+00:00\",\"mainEntityOfPage\":{\"@id\":\"https:\\\/\\\/rw-moisling.de\\\/index.php\\\/2022\\\/05\\\/16\\\/landesmeisterschaft-schuelerinnen-und-fruehlingswettbewerb\\\/\"},\"wordCount\":148,\"image\":{\"@id\":\"https:\\\/\\\/rw-moisling.de\\\/index.php\\\/2022\\\/05\\\/16\\\/landesmeisterschaft-schuelerinnen-und-fruehlingswettbewerb\\\/#primaryimage\"},\"thumbnailUrl\":\"https:\\\/\\\/rw-moisling.de\\\/wp-content\\\/uploads\\\/2022\\\/05\\\/IMG_20220515_125228-scaled.jpg\",\"articleSection\":{\"1\":\"News\"},\"inLanguage\":\"de\"},{\"@type\":\"WebPage\",\"@id\":\"https:\\\/\\\/rw-moisling.de\\\/index.php\\\/2022\\\/05\\\/16\\\/landesmeisterschaft-schuelerinnen-und-fruehlingswettbewerb\\\/\",\"url\":\"https:\\\/\\\/rw-moisling.de\\\/index.php\\\/2022\\\/05\\\/16\\\/landesmeisterschaft-schuelerinnen-und-fruehlingswettbewerb\\\/\",\"name\":\"Landesmeisterschaft Sch\u00fcler:innen und Fr\u00fchlingswettbewerb - Rot-Wei\u00df Moisling\",\"isPartOf\":{\"@id\":\"https:\\\/\\\/rw-moisling.de\\\/#website\"},\"primaryImageOfPage\":{\"@id\":\"https:\\\/\\\/rw-moisling.de\\\/index.php\\\/2022\\\/05\\\/16\\\/landesmeisterschaft-schuelerinnen-und-fruehlingswettbewerb\\\/#primaryimage\"},\"image\":{\"@id\":\"https:\\\/\\\/rw-moisling.de\\\/index.php\\\/2022\\\/05\\\/16\\\/landesmeisterschaft-schuelerinnen-und-fruehlingswettbewerb\\\/#primaryimage\"},\"thumbnailUrl\":\"https:\\\/\\\/rw-moisling.de\\\/wp-content\\\/uploads\\\/2022\\\/05\\\/IMG_20220515_125228-scaled.jpg\",\"datePublished\":\"2022-05-16T18:36:08+00:00\",\"author\":{\"@id\":\"https:\\\/\\\/rw-moisling.de\\\/#\\\/schema\\\/person\\\/d817b21fbd1db678ab4012faf2d6932f\"},\"breadcrumb\":{\"@id\":\"https:\\\/\\\/rw-moisling.de\\\/index.php\\\/2022\\\/05\\\/16\\\/landesmeisterschaft-schuelerinnen-und-fruehlingswettbewerb\\\/#breadcrumb\"},\"inLanguage\":\"de\",\"potentialAction\":[{\"@type\":\"ReadAction\",\"target\":[\"https:\\\/\\\/rw-moisling.de\\\/index.php\\\/2022\\\/05\\\/16\\\/landesmeisterschaft-schuelerinnen-und-fruehlingswettbewerb\\\/\"]}]},{\"@type\":\"ImageObject\",\"inLanguage\":\"de\",\"@id\":\"https:\\\/\\\/rw-moisling.de\\\/index.php\\\/2022\\\/05\\\/16\\\/landesmeisterschaft-schuelerinnen-und-fruehlingswettbewerb\\\/#primaryimage\",\"url\":\"https:\\\/\\\/rw-moisling.de\\\/wp-content\\\/uploads\\\/2022\\\/05\\\/IMG_20220515_125228-scaled.jpg\",\"contentUrl\":\"https:\\\/\\\/rw-moisling.de\\\/wp-content\\\/uploads\\\/2022\\\/05\\\/IMG_20220515_125228-scaled.jpg\",\"width\":1920,\"height\":2560},{\"@type\":\"BreadcrumbList\",\"@id\":\"https:\\\/\\\/rw-moisling.de\\\/index.php\\\/2022\\\/05\\\/16\\\/landesmeisterschaft-schuelerinnen-und-fruehlingswettbewerb\\\/#breadcrumb\",\"itemListElement\":[{\"@type\":\"ListItem\",\"position\":1,\"name\":\"Startseite\",\"item\":\"https:\\\/\\\/rw-moisling.de\\\/\"},{\"@type\":\"ListItem\",\"position\":2,\"name\":\"Landesmeisterschaft Sch\u00fcler:innen und Fr\u00fchlingswettbewerb\"}]},{\"@type\":\"WebSite\",\"@id\":\"https:\\\/\\\/rw-moisling.de\\\/#website\",\"url\":\"https:\\\/\\\/rw-moisling.de\\\/\",\"name\":\"Rot-Wei\u00df Moisling von 1911 e.V.\",\"description\":\"\",\"potentialAction\":[{\"@type\":\"SearchAction\",\"target\":{\"@type\":\"EntryPoint\",\"urlTemplate\":\"https:\\\/\\\/rw-moisling.de\\\/?s={search_term_string}\"},\"query-input\":{\"@type\":\"PropertyValueSpecification\",\"valueRequired\":true,\"valueName\":\"search_term_string\"}}],\"inLanguage\":\"de\"},{\"@type\":\"Person\",\"@id\":\"https:\\\/\\\/rw-moisling.de\\\/#\\\/schema\\\/person\\\/d817b21fbd1db678ab4012faf2d6932f\",\"name\":\"Anna\",\"url\":\"https:\\\/\\\/rw-moisling.de\\\/index.php\\\/author\\\/anna\\\/\"}]}<\/script>\n<!-- \/ Yoast SEO plugin. -->","yoast_head_json":{"title":"Landesmeisterschaft Sch\u00fcler:innen und Fr\u00fchlingswettbewerb - Rot-Wei\u00df Moisling","robots":{"index":"index","follow":"follow","max-snippet":"max-snippet:-1","max-image-preview":"max-image-preview:large","max-video-preview":"max-video-preview:-1"},"canonical":"https:\/\/rw-moisling.de\/index.php\/2022\/05\/16\/landesmeisterschaft-schuelerinnen-und-fruehlingswettbewerb\/","og_locale":"de_DE","og_type":"article","og_title":"Landesmeisterschaft Sch\u00fcler:innen und Fr\u00fchlingswettbewerb - Rot-Wei\u00df Moisling","og_description":"Am Sonntag waren wir in Heikendorf zur Landesmeisterschaft der Sch\u00fcler:innen sowie dem Fr\u00fchlingswettbewerb. Trotz Corona-bedingt verkleinerter Mannschaft konnten wir uns einen ersten und zwei zweite Pl\u00e4tze sichern. F\u00fcr die Kunstraddisziplinen ist das n\u00e4chste Turnier erst&hellip;","og_url":"https:\/\/rw-moisling.de\/index.php\/2022\/05\/16\/landesmeisterschaft-schuelerinnen-und-fruehlingswettbewerb\/","og_site_name":"Rot-Wei\u00df Moisling","article_published_time":"2022-05-16T18:36:08+00:00","og_image":[{"width":768,"height":1024,"url":"https:\/\/rw-moisling.de\/wp-content\/uploads\/2022\/05\/IMG_20220515_125228-768x1024.jpg","type":"image\/jpeg"}],"author":"Anna","twitter_card":"summary_large_image","twitter_misc":{"Verfasst von":"Anna","Gesch\u00e4tzte Lesezeit":"1\u00a0Minute"},"schema":{"@context":"https:\/\/schema.org","@graph":[{"@type":"Article","@id":"https:\/\/rw-moisling.de\/index.php\/2022\/05\/16\/landesmeisterschaft-schuelerinnen-und-fruehlingswettbewerb\/#article","isPartOf":{"@id":"https:\/\/rw-moisling.de\/index.php\/2022\/05\/16\/landesmeisterschaft-schuelerinnen-und-fruehlingswettbewerb\/"},"author":{"name":"Anna","@id":"https:\/\/rw-moisling.de\/#\/schema\/person\/d817b21fbd1db678ab4012faf2d6932f"},"headline":"Landesmeisterschaft Sch\u00fcler:innen und Fr\u00fchlingswettbewerb","datePublished":"2022-05-16T18:36:08+00:00","mainEntityOfPage":{"@id":"https:\/\/rw-moisling.de\/index.php\/2022\/05\/16\/landesmeisterschaft-schuelerinnen-und-fruehlingswettbewerb\/"},"wordCount":148,"image":{"@id":"https:\/\/rw-moisling.de\/index.php\/2022\/05\/16\/landesmeisterschaft-schuelerinnen-und-fruehlingswettbewerb\/#primaryimage"},"thumbnailUrl":"https:\/\/rw-moisling.de\/wp-content\/uploads\/2022\/05\/IMG_20220515_125228-scaled.jpg","articleSection":{"1":"News"},"inLanguage":"de"},{"@type":"WebPage","@id":"https:\/\/rw-moisling.de\/index.php\/2022\/05\/16\/landesmeisterschaft-schuelerinnen-und-fruehlingswettbewerb\/","url":"https:\/\/rw-moisling.de\/index.php\/2022\/05\/16\/landesmeisterschaft-schuelerinnen-und-fruehlingswettbewerb\/","name":"Landesmeisterschaft Sch\u00fcler:innen und Fr\u00fchlingswettbewerb - Rot-Wei\u00df Moisling","isPartOf":{"@id":"https:\/\/rw-moisling.de\/#website"},"primaryImageOfPage":{"@id":"https:\/\/rw-moisling.de\/index.php\/2022\/05\/16\/landesmeisterschaft-schuelerinnen-und-fruehlingswettbewerb\/#primaryimage"},"image":{"@id":"https:\/\/rw-moisling.de\/index.php\/2022\/05\/16\/landesmeisterschaft-schuelerinnen-und-fruehlingswettbewerb\/#primaryimage"},"thumbnailUrl":"https:\/\/rw-moisling.de\/wp-content\/uploads\/2022\/05\/IMG_20220515_125228-scaled.jpg","datePublished":"2022-05-16T18:36:08+00:00","author":{"@id":"https:\/\/rw-moisling.de\/#\/schema\/person\/d817b21fbd1db678ab4012faf2d6932f"},"breadcrumb":{"@id":"https:\/\/rw-moisling.de\/index.php\/2022\/05\/16\/landesmeisterschaft-schuelerinnen-und-fruehlingswettbewerb\/#breadcrumb"},"inLanguage":"de","potentialAction":[{"@type":"ReadAction","target":["https:\/\/rw-moisling.de\/index.php\/2022\/05\/16\/landesmeisterschaft-schuelerinnen-und-fruehlingswettbewerb\/"]}]},{"@type":"ImageObject","inLanguage":"de","@id":"https:\/\/rw-moisling.de\/index.php\/2022\/05\/16\/landesmeisterschaft-schuelerinnen-und-fruehlingswettbewerb\/#primaryimage","url":"https:\/\/rw-moisling.de\/wp-content\/uploads\/2022\/05\/IMG_20220515_125228-scaled.jpg","contentUrl":"https:\/\/rw-moisling.de\/wp-content\/uploads\/2022\/05\/IMG_20220515_125228-scaled.jpg","width":1920,"height":2560},{"@type":"BreadcrumbList","@id":"https:\/\/rw-moisling.de\/index.php\/2022\/05\/16\/landesmeisterschaft-schuelerinnen-und-fruehlingswettbewerb\/#breadcrumb","itemListElement":[{"@type":"ListItem","position":1,"name":"Startseite","item":"https:\/\/rw-moisling.de\/"},{"@type":"ListItem","position":2,"name":"Landesmeisterschaft Sch\u00fcler:innen und Fr\u00fchlingswettbewerb"}]},{"@type":"WebSite","@id":"https:\/\/rw-moisling.de\/#website","url":"https:\/\/rw-moisling.de\/","name":"Rot-Wei\u00df Moisling von 1911 e.V.","description":"","potentialAction":[{"@type":"SearchAction","target":{"@type":"EntryPoint","urlTemplate":"https:\/\/rw-moisling.de\/?s={search_term_string}"},"query-input":{"@type":"PropertyValueSpecification","valueRequired":true,"valueName":"search_term_string"}}],"inLanguage":"de"},{"@type":"Person","@id":"https:\/\/rw-moisling.de\/#\/schema\/person\/d817b21fbd1db678ab4012faf2d6932f","name":"Anna","url":"https:\/\/rw-moisling.de\/index.php\/author\/anna\/"}]}},"_links":{"self":[{"href":"https:\/\/rw-moisling.de\/index.php\/wp-json\/wp\/v2\/posts\/2966","targetHints":{"allow":["GET"]}}],"collection":[{"href":"https:\/\/rw-moisling.de\/index.php\/wp-json\/wp\/v2\/posts"}],"about":[{"href":"https:\/\/rw-moisling.de\/index.php\/wp-json\/wp\/v2\/types\/post"}],"author":[{"embeddable":true,"href":"https:\/\/rw-moisling.de\/index.php\/wp-json\/wp\/v2\/users\/4"}],"replies":[{"embeddable":true,"href":"https:\/\/rw-moisling.de\/index.php\/wp-json\/wp\/v2\/comments?post=2966"}],"version-history":[{"count":2,"href":"https:\/\/rw-moisling.de\/index.php\/wp-json\/wp\/v2\/posts\/2966\/revisions"}],"predecessor-version":[{"id":2970,"href":"https:\/\/rw-moisling.de\/index.php\/wp-json\/wp\/v2\/posts\/2966\/revisions\/2970"}],"wp:featuredmedia":[{"embeddable":true,"href":"https:\/\/rw-moisling.de\/index.php\/wp-json\/wp\/v2\/media\/2967"}],"wp:attachment":[{"href":"https:\/\/rw-moisling.de\/index.php\/wp-json\/wp\/v2\/media?parent=2966"}],"wp:term":[{"taxonomy":"category","embeddable":true,"href":"https:\/\/rw-moisling.de\/index.php\/wp-json\/wp\/v2\/categories?post=2966"},{"taxonomy":"post_tag","embeddable":true,"href":"https:\/\/rw-moisling.de\/index.php\/wp-json\/wp\/v2\/tags?post=2966"}],"curies":[{"name":"wp","href":"https:\/\/api.w.org\/{rel}","templated":true}]}}