{"id":2289,"date":"2019-09-26T14:19:06","date_gmt":"2019-09-26T12:19:06","guid":{"rendered":"https:\/\/rw-moisling.de\/?p=2289"},"modified":"2019-09-26T14:20:11","modified_gmt":"2019-09-26T12:20:11","slug":"karate-sprottenturnier-eckernfoerde","status":"publish","type":"post","link":"https:\/\/rw-moisling.de\/index.php\/2019\/09\/26\/karate-sprottenturnier-eckernfoerde\/","title":{"rendered":"Karate Sprottenturnier Eckernf\u00f6rde"},"content":{"rendered":"\n<p>Zum 21. Mal veranstaltete der KC Fuji Yama Eckernf\u00f6rde &#8222;sein Sprottenturnier&#8220;. Zehn Karatekids von 7 &#8211; 14 Jahre der Spvg. Rot-Weiss Moisling waren dabei; von diesen zehn nahmen mit Beeke Kupffer, Jannis Martens, Celina Fabritz und Sina Sophie Klemm, vier zum ersten Mal mit mehr oder weniger Erfolg an einem Turnier teil.<\/p>\n\n\n\n<p>Auf der Matte von Beeke traten sechs M\u00e4dchen gegeneinander an. wobei Beeke \u00fcber die Trostrunde einen tollen 3. Platz erk\u00e4mpfte. Leider gelangten Jannis Martens, Celina Fabritz und Sina Sophie nicht in die Platzierungen. <\/p>\n\n\n\n<figure class=\"wp-block-image is-resized\"><img loading=\"lazy\" decoding=\"async\" src=\"https:\/\/rw-moisling.de\/wp-content\/uploads\/2019\/09\/Sprottenwettkampf-2019-Beeke-683x1024.jpg\" alt=\"\" class=\"wp-image-2290\" width=\"195\" height=\"292\" srcset=\"https:\/\/rw-moisling.de\/wp-content\/uploads\/2019\/09\/Sprottenwettkampf-2019-Beeke-683x1024.jpg 683w, https:\/\/rw-moisling.de\/wp-content\/uploads\/2019\/09\/Sprottenwettkampf-2019-Beeke-200x300.jpg 200w, https:\/\/rw-moisling.de\/wp-content\/uploads\/2019\/09\/Sprottenwettkampf-2019-Beeke-768x1152.jpg 768w, https:\/\/rw-moisling.de\/wp-content\/uploads\/2019\/09\/Sprottenwettkampf-2019-Beeke.jpg 1024w\" sizes=\"auto, (max-width: 195px) 100vw, 195px\" \/><figcaption>Sprottenwettkampf Eckernf\u00f6rde, Beeke  Platz 3<\/figcaption><\/figure>\n\n\n\n<p>Kalle Fr\u00f6hlich und Tim Zander\nstarteten mit einem Sieg, schieden dann aber vor\u00fcbergehend aus, bis feststand,\ndass sie sich f\u00fcr die Trostrunde qualifiziert hatten damit in Eckernf\u00f6rde die\nbeiden 3. Pl\u00e4tze belegten. <\/p>\n\n\n\n<figure class=\"wp-block-image is-resized\"><img loading=\"lazy\" decoding=\"async\" src=\"https:\/\/rw-moisling.de\/wp-content\/uploads\/2019\/09\/Sprottenwettkampf-2019-Kalle-u-Tim-1024x683.jpg\" alt=\"\" class=\"wp-image-2291\" width=\"278\" height=\"184\" srcset=\"https:\/\/rw-moisling.de\/wp-content\/uploads\/2019\/09\/Sprottenwettkampf-2019-Kalle-u-Tim-1024x683.jpg 1024w, https:\/\/rw-moisling.de\/wp-content\/uploads\/2019\/09\/Sprottenwettkampf-2019-Kalle-u-Tim-300x200.jpg 300w, https:\/\/rw-moisling.de\/wp-content\/uploads\/2019\/09\/Sprottenwettkampf-2019-Kalle-u-Tim-768x512.jpg 768w, https:\/\/rw-moisling.de\/wp-content\/uploads\/2019\/09\/Sprottenwettkampf-2019-Kalle-u-Tim.jpg 1151w\" sizes=\"auto, (max-width: 278px) 100vw, 278px\" \/><figcaption>Sprottenwettkampf Eckernf\u00f6rde, <br>Kalle u. Tim Platz 3<br><\/figcaption><\/figure>\n\n\n\n<p>Weiter ging es mit den Sch\u00fclern U 14. Bei den M\u00e4dchen startete Laura Rehder; sie gewann ihren ersten Kampf, schied dann zun\u00e4chst aus, konnte leider die Chance \u00fcber die Trostrunde nicht nutzen. Bei den Jungen starteten Vico von Pentz und Yusef Mohammad. Es waren starke Gegner zu erwarten und Vico verlor seinen ersten Kampf und hatte keine weitere Chance auf die Trostrunde.<\/p>\n\n\n\n<p>Yusef hingegen konnte nur seinen ersten Kampf gewinnen, und scheiterte in der Trostrunde knapp mit 2 : 3 Stimmen im Kampf um den 3. Platz.<\/p>\n\n\n\n<p>Die letzten Hoffnungen lagen auf \u00a0Huyen Trang Pham Do bei der weiblichen Jugend (U16), um die Ehre der Moislinger Karateabteilung zu retten. Aufgrund von hoher schulischer Belastung konnte sie sich nur bedingt vorbereiten. Dennoch hatte sie gegen vier weitere Mitstreiterinnen keine M\u00fche; sie gewann zweimal mit 5 : 0 und wurde unangefochten Pokalsiegerin. <\/p>\n\n\n\n<figure class=\"wp-block-image is-resized\"><img loading=\"lazy\" decoding=\"async\" src=\"https:\/\/rw-moisling.de\/wp-content\/uploads\/2019\/09\/Sprottenwettkampf-2019-Huyen-Trang-Pham-Do-1024x683.jpg\" alt=\"\" class=\"wp-image-2292\" width=\"347\" height=\"231\" srcset=\"https:\/\/rw-moisling.de\/wp-content\/uploads\/2019\/09\/Sprottenwettkampf-2019-Huyen-Trang-Pham-Do-1024x683.jpg 1024w, https:\/\/rw-moisling.de\/wp-content\/uploads\/2019\/09\/Sprottenwettkampf-2019-Huyen-Trang-Pham-Do-300x200.jpg 300w, https:\/\/rw-moisling.de\/wp-content\/uploads\/2019\/09\/Sprottenwettkampf-2019-Huyen-Trang-Pham-Do-768x512.jpg 768w, https:\/\/rw-moisling.de\/wp-content\/uploads\/2019\/09\/Sprottenwettkampf-2019-Huyen-Trang-Pham-Do.jpg 1151w\" sizes=\"auto, (max-width: 347px) 100vw, 347px\" \/><figcaption>Sprottenwettkampf Eckernf\u00f6rde,  <br>Huyen Trang Pham Do Platz 1<\/figcaption><\/figure>\n\n\n\n<p>Herzlichen Dank an alle Begleiter.<\/p>\n","protected":false},"excerpt":{"rendered":"<p>Zum 21. Mal veranstaltete der KC Fuji Yama Eckernf\u00f6rde &#8222;sein Sprottenturnier&#8220;. Zehn Karatekids von 7 &#8211; 14 Jahre der Spvg. Rot-Weiss Moisling waren dabei; von diesen zehn nahmen mit Beeke Kupffer, Jannis Martens, Celina Fabritz&hellip;<\/p>\n","protected":false},"author":7,"featured_media":0,"comment_status":"closed","ping_status":"closed","sticky":false,"template":"","format":"standard","meta":{"footnotes":""},"categories":[1],"tags":[],"class_list":["post-2289","post","type-post","status-publish","format-standard","hentry","category-allgemein"],"yoast_head":"<!-- This site is optimized with the Yoast SEO plugin v27.5 - https:\/\/yoast.com\/product\/yoast-seo-wordpress\/ -->\n<title>Karate Sprottenturnier Eckernf\u00f6rde - Rot-Wei\u00df Moisling<\/title>\n<meta name=\"robots\" content=\"index, follow, max-snippet:-1, max-image-preview:large, max-video-preview:-1\" \/>\n<link rel=\"canonical\" href=\"https:\/\/rw-moisling.de\/index.php\/2019\/09\/26\/karate-sprottenturnier-eckernfoerde\/\" \/>\n<meta property=\"og:locale\" content=\"de_DE\" \/>\n<meta property=\"og:type\" content=\"article\" \/>\n<meta property=\"og:title\" content=\"Karate Sprottenturnier Eckernf\u00f6rde - Rot-Wei\u00df Moisling\" \/>\n<meta property=\"og:description\" content=\"Zum 21. Mal veranstaltete der KC Fuji Yama Eckernf\u00f6rde &#8222;sein Sprottenturnier&#8220;. Zehn Karatekids von 7 &#8211; 14 Jahre der Spvg. Rot-Weiss Moisling waren dabei; von diesen zehn nahmen mit Beeke Kupffer, Jannis Martens, Celina Fabritz&hellip;\" \/>\n<meta property=\"og:url\" content=\"https:\/\/rw-moisling.de\/index.php\/2019\/09\/26\/karate-sprottenturnier-eckernfoerde\/\" \/>\n<meta property=\"og:site_name\" content=\"Rot-Wei\u00df Moisling\" \/>\n<meta property=\"article:published_time\" content=\"2019-09-26T12:19:06+00:00\" \/>\n<meta property=\"article:modified_time\" content=\"2019-09-26T12:20:11+00:00\" \/>\n<meta property=\"og:image\" content=\"https:\/\/rw-moisling.de\/wp-content\/uploads\/2019\/09\/Sprottenwettkampf-2019-Beeke-683x1024.jpg\" \/>\n<meta name=\"author\" content=\"Norbert\" \/>\n<meta name=\"twitter:card\" content=\"summary_large_image\" \/>\n<meta name=\"twitter:label1\" content=\"Verfasst von\" \/>\n\t<meta name=\"twitter:data1\" content=\"Norbert\" \/>\n\t<meta name=\"twitter:label2\" content=\"Gesch\u00e4tzte Lesezeit\" \/>\n\t<meta name=\"twitter:data2\" content=\"1\u00a0Minute\" \/>\n<script type=\"application\/ld+json\" class=\"yoast-schema-graph\">{\"@context\":\"https:\\\/\\\/schema.org\",\"@graph\":[{\"@type\":\"Article\",\"@id\":\"https:\\\/\\\/rw-moisling.de\\\/index.php\\\/2019\\\/09\\\/26\\\/karate-sprottenturnier-eckernfoerde\\\/#article\",\"isPartOf\":{\"@id\":\"https:\\\/\\\/rw-moisling.de\\\/index.php\\\/2019\\\/09\\\/26\\\/karate-sprottenturnier-eckernfoerde\\\/\"},\"author\":{\"name\":\"Norbert\",\"@id\":\"https:\\\/\\\/rw-moisling.de\\\/#\\\/schema\\\/person\\\/d911d693eaa457f78af3c3004e9b25d2\"},\"headline\":\"Karate Sprottenturnier Eckernf\u00f6rde\",\"datePublished\":\"2019-09-26T12:19:06+00:00\",\"dateModified\":\"2019-09-26T12:20:11+00:00\",\"mainEntityOfPage\":{\"@id\":\"https:\\\/\\\/rw-moisling.de\\\/index.php\\\/2019\\\/09\\\/26\\\/karate-sprottenturnier-eckernfoerde\\\/\"},\"wordCount\":285,\"image\":{\"@id\":\"https:\\\/\\\/rw-moisling.de\\\/index.php\\\/2019\\\/09\\\/26\\\/karate-sprottenturnier-eckernfoerde\\\/#primaryimage\"},\"thumbnailUrl\":\"https:\\\/\\\/rw-moisling.de\\\/wp-content\\\/uploads\\\/2019\\\/09\\\/Sprottenwettkampf-2019-Beeke-683x1024.jpg\",\"inLanguage\":\"de\"},{\"@type\":\"WebPage\",\"@id\":\"https:\\\/\\\/rw-moisling.de\\\/index.php\\\/2019\\\/09\\\/26\\\/karate-sprottenturnier-eckernfoerde\\\/\",\"url\":\"https:\\\/\\\/rw-moisling.de\\\/index.php\\\/2019\\\/09\\\/26\\\/karate-sprottenturnier-eckernfoerde\\\/\",\"name\":\"Karate Sprottenturnier Eckernf\u00f6rde - Rot-Wei\u00df Moisling\",\"isPartOf\":{\"@id\":\"https:\\\/\\\/rw-moisling.de\\\/#website\"},\"primaryImageOfPage\":{\"@id\":\"https:\\\/\\\/rw-moisling.de\\\/index.php\\\/2019\\\/09\\\/26\\\/karate-sprottenturnier-eckernfoerde\\\/#primaryimage\"},\"image\":{\"@id\":\"https:\\\/\\\/rw-moisling.de\\\/index.php\\\/2019\\\/09\\\/26\\\/karate-sprottenturnier-eckernfoerde\\\/#primaryimage\"},\"thumbnailUrl\":\"https:\\\/\\\/rw-moisling.de\\\/wp-content\\\/uploads\\\/2019\\\/09\\\/Sprottenwettkampf-2019-Beeke-683x1024.jpg\",\"datePublished\":\"2019-09-26T12:19:06+00:00\",\"dateModified\":\"2019-09-26T12:20:11+00:00\",\"author\":{\"@id\":\"https:\\\/\\\/rw-moisling.de\\\/#\\\/schema\\\/person\\\/d911d693eaa457f78af3c3004e9b25d2\"},\"breadcrumb\":{\"@id\":\"https:\\\/\\\/rw-moisling.de\\\/index.php\\\/2019\\\/09\\\/26\\\/karate-sprottenturnier-eckernfoerde\\\/#breadcrumb\"},\"inLanguage\":\"de\",\"potentialAction\":[{\"@type\":\"ReadAction\",\"target\":[\"https:\\\/\\\/rw-moisling.de\\\/index.php\\\/2019\\\/09\\\/26\\\/karate-sprottenturnier-eckernfoerde\\\/\"]}]},{\"@type\":\"ImageObject\",\"inLanguage\":\"de\",\"@id\":\"https:\\\/\\\/rw-moisling.de\\\/index.php\\\/2019\\\/09\\\/26\\\/karate-sprottenturnier-eckernfoerde\\\/#primaryimage\",\"url\":\"https:\\\/\\\/rw-moisling.de\\\/wp-content\\\/uploads\\\/2019\\\/09\\\/Sprottenwettkampf-2019-Beeke.jpg\",\"contentUrl\":\"https:\\\/\\\/rw-moisling.de\\\/wp-content\\\/uploads\\\/2019\\\/09\\\/Sprottenwettkampf-2019-Beeke.jpg\",\"width\":1024,\"height\":1536},{\"@type\":\"BreadcrumbList\",\"@id\":\"https:\\\/\\\/rw-moisling.de\\\/index.php\\\/2019\\\/09\\\/26\\\/karate-sprottenturnier-eckernfoerde\\\/#breadcrumb\",\"itemListElement\":[{\"@type\":\"ListItem\",\"position\":1,\"name\":\"Startseite\",\"item\":\"https:\\\/\\\/rw-moisling.de\\\/\"},{\"@type\":\"ListItem\",\"position\":2,\"name\":\"Karate Sprottenturnier Eckernf\u00f6rde\"}]},{\"@type\":\"WebSite\",\"@id\":\"https:\\\/\\\/rw-moisling.de\\\/#website\",\"url\":\"https:\\\/\\\/rw-moisling.de\\\/\",\"name\":\"Rot-Wei\u00df Moisling von 1911 e.V.\",\"description\":\"\",\"potentialAction\":[{\"@type\":\"SearchAction\",\"target\":{\"@type\":\"EntryPoint\",\"urlTemplate\":\"https:\\\/\\\/rw-moisling.de\\\/?s={search_term_string}\"},\"query-input\":{\"@type\":\"PropertyValueSpecification\",\"valueRequired\":true,\"valueName\":\"search_term_string\"}}],\"inLanguage\":\"de\"},{\"@type\":\"Person\",\"@id\":\"https:\\\/\\\/rw-moisling.de\\\/#\\\/schema\\\/person\\\/d911d693eaa457f78af3c3004e9b25d2\",\"name\":\"Norbert\",\"url\":\"https:\\\/\\\/rw-moisling.de\\\/index.php\\\/author\\\/norbert\\\/\"}]}<\/script>\n<!-- \/ Yoast SEO plugin. -->","yoast_head_json":{"title":"Karate Sprottenturnier Eckernf\u00f6rde - Rot-Wei\u00df Moisling","robots":{"index":"index","follow":"follow","max-snippet":"max-snippet:-1","max-image-preview":"max-image-preview:large","max-video-preview":"max-video-preview:-1"},"canonical":"https:\/\/rw-moisling.de\/index.php\/2019\/09\/26\/karate-sprottenturnier-eckernfoerde\/","og_locale":"de_DE","og_type":"article","og_title":"Karate Sprottenturnier Eckernf\u00f6rde - Rot-Wei\u00df Moisling","og_description":"Zum 21. Mal veranstaltete der KC Fuji Yama Eckernf\u00f6rde &#8222;sein Sprottenturnier&#8220;. Zehn Karatekids von 7 &#8211; 14 Jahre der Spvg. Rot-Weiss Moisling waren dabei; von diesen zehn nahmen mit Beeke Kupffer, Jannis Martens, Celina Fabritz&hellip;","og_url":"https:\/\/rw-moisling.de\/index.php\/2019\/09\/26\/karate-sprottenturnier-eckernfoerde\/","og_site_name":"Rot-Wei\u00df Moisling","article_published_time":"2019-09-26T12:19:06+00:00","article_modified_time":"2019-09-26T12:20:11+00:00","og_image":[{"url":"https:\/\/rw-moisling.de\/wp-content\/uploads\/2019\/09\/Sprottenwettkampf-2019-Beeke-683x1024.jpg","type":"","width":"","height":""}],"author":"Norbert","twitter_card":"summary_large_image","twitter_misc":{"Verfasst von":"Norbert","Gesch\u00e4tzte Lesezeit":"1\u00a0Minute"},"schema":{"@context":"https:\/\/schema.org","@graph":[{"@type":"Article","@id":"https:\/\/rw-moisling.de\/index.php\/2019\/09\/26\/karate-sprottenturnier-eckernfoerde\/#article","isPartOf":{"@id":"https:\/\/rw-moisling.de\/index.php\/2019\/09\/26\/karate-sprottenturnier-eckernfoerde\/"},"author":{"name":"Norbert","@id":"https:\/\/rw-moisling.de\/#\/schema\/person\/d911d693eaa457f78af3c3004e9b25d2"},"headline":"Karate Sprottenturnier Eckernf\u00f6rde","datePublished":"2019-09-26T12:19:06+00:00","dateModified":"2019-09-26T12:20:11+00:00","mainEntityOfPage":{"@id":"https:\/\/rw-moisling.de\/index.php\/2019\/09\/26\/karate-sprottenturnier-eckernfoerde\/"},"wordCount":285,"image":{"@id":"https:\/\/rw-moisling.de\/index.php\/2019\/09\/26\/karate-sprottenturnier-eckernfoerde\/#primaryimage"},"thumbnailUrl":"https:\/\/rw-moisling.de\/wp-content\/uploads\/2019\/09\/Sprottenwettkampf-2019-Beeke-683x1024.jpg","inLanguage":"de"},{"@type":"WebPage","@id":"https:\/\/rw-moisling.de\/index.php\/2019\/09\/26\/karate-sprottenturnier-eckernfoerde\/","url":"https:\/\/rw-moisling.de\/index.php\/2019\/09\/26\/karate-sprottenturnier-eckernfoerde\/","name":"Karate Sprottenturnier Eckernf\u00f6rde - Rot-Wei\u00df Moisling","isPartOf":{"@id":"https:\/\/rw-moisling.de\/#website"},"primaryImageOfPage":{"@id":"https:\/\/rw-moisling.de\/index.php\/2019\/09\/26\/karate-sprottenturnier-eckernfoerde\/#primaryimage"},"image":{"@id":"https:\/\/rw-moisling.de\/index.php\/2019\/09\/26\/karate-sprottenturnier-eckernfoerde\/#primaryimage"},"thumbnailUrl":"https:\/\/rw-moisling.de\/wp-content\/uploads\/2019\/09\/Sprottenwettkampf-2019-Beeke-683x1024.jpg","datePublished":"2019-09-26T12:19:06+00:00","dateModified":"2019-09-26T12:20:11+00:00","author":{"@id":"https:\/\/rw-moisling.de\/#\/schema\/person\/d911d693eaa457f78af3c3004e9b25d2"},"breadcrumb":{"@id":"https:\/\/rw-moisling.de\/index.php\/2019\/09\/26\/karate-sprottenturnier-eckernfoerde\/#breadcrumb"},"inLanguage":"de","potentialAction":[{"@type":"ReadAction","target":["https:\/\/rw-moisling.de\/index.php\/2019\/09\/26\/karate-sprottenturnier-eckernfoerde\/"]}]},{"@type":"ImageObject","inLanguage":"de","@id":"https:\/\/rw-moisling.de\/index.php\/2019\/09\/26\/karate-sprottenturnier-eckernfoerde\/#primaryimage","url":"https:\/\/rw-moisling.de\/wp-content\/uploads\/2019\/09\/Sprottenwettkampf-2019-Beeke.jpg","contentUrl":"https:\/\/rw-moisling.de\/wp-content\/uploads\/2019\/09\/Sprottenwettkampf-2019-Beeke.jpg","width":1024,"height":1536},{"@type":"BreadcrumbList","@id":"https:\/\/rw-moisling.de\/index.php\/2019\/09\/26\/karate-sprottenturnier-eckernfoerde\/#breadcrumb","itemListElement":[{"@type":"ListItem","position":1,"name":"Startseite","item":"https:\/\/rw-moisling.de\/"},{"@type":"ListItem","position":2,"name":"Karate Sprottenturnier Eckernf\u00f6rde"}]},{"@type":"WebSite","@id":"https:\/\/rw-moisling.de\/#website","url":"https:\/\/rw-moisling.de\/","name":"Rot-Wei\u00df Moisling von 1911 e.V.","description":"","potentialAction":[{"@type":"SearchAction","target":{"@type":"EntryPoint","urlTemplate":"https:\/\/rw-moisling.de\/?s={search_term_string}"},"query-input":{"@type":"PropertyValueSpecification","valueRequired":true,"valueName":"search_term_string"}}],"inLanguage":"de"},{"@type":"Person","@id":"https:\/\/rw-moisling.de\/#\/schema\/person\/d911d693eaa457f78af3c3004e9b25d2","name":"Norbert","url":"https:\/\/rw-moisling.de\/index.php\/author\/norbert\/"}]}},"_links":{"self":[{"href":"https:\/\/rw-moisling.de\/index.php\/wp-json\/wp\/v2\/posts\/2289","targetHints":{"allow":["GET"]}}],"collection":[{"href":"https:\/\/rw-moisling.de\/index.php\/wp-json\/wp\/v2\/posts"}],"about":[{"href":"https:\/\/rw-moisling.de\/index.php\/wp-json\/wp\/v2\/types\/post"}],"author":[{"embeddable":true,"href":"https:\/\/rw-moisling.de\/index.php\/wp-json\/wp\/v2\/users\/7"}],"replies":[{"embeddable":true,"href":"https:\/\/rw-moisling.de\/index.php\/wp-json\/wp\/v2\/comments?post=2289"}],"version-history":[{"count":3,"href":"https:\/\/rw-moisling.de\/index.php\/wp-json\/wp\/v2\/posts\/2289\/revisions"}],"predecessor-version":[{"id":2296,"href":"https:\/\/rw-moisling.de\/index.php\/wp-json\/wp\/v2\/posts\/2289\/revisions\/2296"}],"wp:attachment":[{"href":"https:\/\/rw-moisling.de\/index.php\/wp-json\/wp\/v2\/media?parent=2289"}],"wp:term":[{"taxonomy":"category","embeddable":true,"href":"https:\/\/rw-moisling.de\/index.php\/wp-json\/wp\/v2\/categories?post=2289"},{"taxonomy":"post_tag","embeddable":true,"href":"https:\/\/rw-moisling.de\/index.php\/wp-json\/wp\/v2\/tags?post=2289"}],"curies":[{"name":"wp","href":"https:\/\/api.w.org\/{rel}","templated":true}]}}