{"id":2277,"date":"2019-09-17T11:00:19","date_gmt":"2019-09-17T09:00:19","guid":{"rendered":"https:\/\/rw-moisling.de\/?p=2277"},"modified":"2019-09-17T11:00:20","modified_gmt":"2019-09-17T09:00:20","slug":"bundespokal-2019","status":"publish","type":"post","link":"https:\/\/rw-moisling.de\/index.php\/2019\/09\/17\/bundespokal-2019\/","title":{"rendered":"Bundespokal 2019"},"content":{"rendered":"\n<p>In K\u00f6ngen (WTB) fand am vergangenen Samstag der Bundespokal Einradfahren\/ DM Halbfinale statt. Aus Moisling waren zwei Mannschaften am Start: Der Einrad-Vierer mit Britta und J\u00f6rn Clasen, Anna P\u00e4tschke und Tobias Terpe, sowie der Sechser, bei dem Alicia Cordes und Swantje M\u00fces die Mannschaft vervollst\u00e4ndigen.<br> In dieser neuen Konstellation und mit nur wenigen Monaten Trainingszeit konnte die Sechser-Mannschaft erfolgreich ihre Platzierung halten und somit den Grundstein f\u00fcr eine weitere Verbesserung im n\u00e4chsten Jahr legen.<br> Im Vierer-Einrad fehlte an diesem Tag ein wenig das Gl\u00fcck. Zwar konnte sich die Mannschaft f\u00fcr die Deutsche Meisterschaft in Moers am 25.\/26. Oktober in Moers qualifizieren, aber f\u00fcr das Bundespokal-Finale der drei besten Mannschaften hat es mit Platz 4 knapp nicht gereicht. Bis zur DM wird nun flei\u00dfig weiter an den Feinheiten gearbeitet, damit dort alles rund l\u00e4uft.<\/p>\n\n\n\n<figure class=\"wp-block-image\"><img loading=\"lazy\" decoding=\"async\" width=\"1024\" height=\"768\" src=\"https:\/\/rw-moisling.de\/wp-content\/uploads\/2019\/09\/Bundespokal-2019-1024x768.jpeg\" alt=\"Mannschaft mit Trainer Gerd Clasen\" class=\"wp-image-2278\" srcset=\"https:\/\/rw-moisling.de\/wp-content\/uploads\/2019\/09\/Bundespokal-2019-1024x768.jpeg 1024w, https:\/\/rw-moisling.de\/wp-content\/uploads\/2019\/09\/Bundespokal-2019-300x225.jpeg 300w, https:\/\/rw-moisling.de\/wp-content\/uploads\/2019\/09\/Bundespokal-2019-768x576.jpeg 768w, https:\/\/rw-moisling.de\/wp-content\/uploads\/2019\/09\/Bundespokal-2019.jpeg 1600w\" sizes=\"auto, (max-width: 1024px) 100vw, 1024px\" \/><\/figure>\n","protected":false},"excerpt":{"rendered":"<p>In K\u00f6ngen (WTB) fand am vergangenen Samstag der Bundespokal Einradfahren\/ DM Halbfinale statt. Aus Moisling waren zwei Mannschaften am Start: Der Einrad-Vierer mit Britta und J\u00f6rn Clasen, Anna P\u00e4tschke und Tobias Terpe, sowie der Sechser,&hellip;<\/p>\n","protected":false},"author":4,"featured_media":2278,"comment_status":"closed","ping_status":"closed","sticky":false,"template":"","format":"standard","meta":{"footnotes":""},"categories":[13],"tags":[],"class_list":["post-2277","post","type-post","status-publish","format-standard","has-post-thumbnail","hentry","category-news"],"yoast_head":"<!-- This site is optimized with the Yoast SEO plugin v27.5 - https:\/\/yoast.com\/product\/yoast-seo-wordpress\/ -->\n<title>Bundespokal 2019 - Rot-Wei\u00df Moisling<\/title>\n<meta name=\"robots\" content=\"index, follow, max-snippet:-1, max-image-preview:large, max-video-preview:-1\" \/>\n<link rel=\"canonical\" href=\"https:\/\/rw-moisling.de\/index.php\/2019\/09\/17\/bundespokal-2019\/\" \/>\n<meta property=\"og:locale\" content=\"de_DE\" \/>\n<meta property=\"og:type\" content=\"article\" \/>\n<meta property=\"og:title\" content=\"Bundespokal 2019 - Rot-Wei\u00df Moisling\" \/>\n<meta property=\"og:description\" content=\"In K\u00f6ngen (WTB) fand am vergangenen Samstag der Bundespokal Einradfahren\/ DM Halbfinale statt. Aus Moisling waren zwei Mannschaften am Start: Der Einrad-Vierer mit Britta und J\u00f6rn Clasen, Anna P\u00e4tschke und Tobias Terpe, sowie der Sechser,&hellip;\" \/>\n<meta property=\"og:url\" content=\"https:\/\/rw-moisling.de\/index.php\/2019\/09\/17\/bundespokal-2019\/\" \/>\n<meta property=\"og:site_name\" content=\"Rot-Wei\u00df Moisling\" \/>\n<meta property=\"article:published_time\" content=\"2019-09-17T09:00:19+00:00\" \/>\n<meta property=\"article:modified_time\" content=\"2019-09-17T09:00:20+00:00\" \/>\n<meta property=\"og:image\" content=\"https:\/\/rw-moisling.de\/wp-content\/uploads\/2019\/09\/Bundespokal-2019.jpeg\" \/>\n\t<meta property=\"og:image:width\" content=\"1600\" \/>\n\t<meta property=\"og:image:height\" content=\"1200\" \/>\n\t<meta property=\"og:image:type\" content=\"image\/jpeg\" \/>\n<meta name=\"author\" content=\"Anna\" \/>\n<meta name=\"twitter:card\" content=\"summary_large_image\" \/>\n<meta name=\"twitter:label1\" content=\"Verfasst von\" \/>\n\t<meta name=\"twitter:data1\" content=\"Anna\" \/>\n\t<meta name=\"twitter:label2\" content=\"Gesch\u00e4tzte Lesezeit\" \/>\n\t<meta name=\"twitter:data2\" content=\"1\u00a0Minute\" \/>\n<script type=\"application\/ld+json\" class=\"yoast-schema-graph\">{\"@context\":\"https:\\\/\\\/schema.org\",\"@graph\":[{\"@type\":\"Article\",\"@id\":\"https:\\\/\\\/rw-moisling.de\\\/index.php\\\/2019\\\/09\\\/17\\\/bundespokal-2019\\\/#article\",\"isPartOf\":{\"@id\":\"https:\\\/\\\/rw-moisling.de\\\/index.php\\\/2019\\\/09\\\/17\\\/bundespokal-2019\\\/\"},\"author\":{\"name\":\"Anna\",\"@id\":\"https:\\\/\\\/rw-moisling.de\\\/#\\\/schema\\\/person\\\/d817b21fbd1db678ab4012faf2d6932f\"},\"headline\":\"Bundespokal 2019\",\"datePublished\":\"2019-09-17T09:00:19+00:00\",\"dateModified\":\"2019-09-17T09:00:20+00:00\",\"mainEntityOfPage\":{\"@id\":\"https:\\\/\\\/rw-moisling.de\\\/index.php\\\/2019\\\/09\\\/17\\\/bundespokal-2019\\\/\"},\"wordCount\":144,\"image\":{\"@id\":\"https:\\\/\\\/rw-moisling.de\\\/index.php\\\/2019\\\/09\\\/17\\\/bundespokal-2019\\\/#primaryimage\"},\"thumbnailUrl\":\"https:\\\/\\\/rw-moisling.de\\\/wp-content\\\/uploads\\\/2019\\\/09\\\/Bundespokal-2019.jpeg\",\"articleSection\":[\"News\"],\"inLanguage\":\"de\"},{\"@type\":\"WebPage\",\"@id\":\"https:\\\/\\\/rw-moisling.de\\\/index.php\\\/2019\\\/09\\\/17\\\/bundespokal-2019\\\/\",\"url\":\"https:\\\/\\\/rw-moisling.de\\\/index.php\\\/2019\\\/09\\\/17\\\/bundespokal-2019\\\/\",\"name\":\"Bundespokal 2019 - Rot-Wei\u00df Moisling\",\"isPartOf\":{\"@id\":\"https:\\\/\\\/rw-moisling.de\\\/#website\"},\"primaryImageOfPage\":{\"@id\":\"https:\\\/\\\/rw-moisling.de\\\/index.php\\\/2019\\\/09\\\/17\\\/bundespokal-2019\\\/#primaryimage\"},\"image\":{\"@id\":\"https:\\\/\\\/rw-moisling.de\\\/index.php\\\/2019\\\/09\\\/17\\\/bundespokal-2019\\\/#primaryimage\"},\"thumbnailUrl\":\"https:\\\/\\\/rw-moisling.de\\\/wp-content\\\/uploads\\\/2019\\\/09\\\/Bundespokal-2019.jpeg\",\"datePublished\":\"2019-09-17T09:00:19+00:00\",\"dateModified\":\"2019-09-17T09:00:20+00:00\",\"author\":{\"@id\":\"https:\\\/\\\/rw-moisling.de\\\/#\\\/schema\\\/person\\\/d817b21fbd1db678ab4012faf2d6932f\"},\"breadcrumb\":{\"@id\":\"https:\\\/\\\/rw-moisling.de\\\/index.php\\\/2019\\\/09\\\/17\\\/bundespokal-2019\\\/#breadcrumb\"},\"inLanguage\":\"de\",\"potentialAction\":[{\"@type\":\"ReadAction\",\"target\":[\"https:\\\/\\\/rw-moisling.de\\\/index.php\\\/2019\\\/09\\\/17\\\/bundespokal-2019\\\/\"]}]},{\"@type\":\"ImageObject\",\"inLanguage\":\"de\",\"@id\":\"https:\\\/\\\/rw-moisling.de\\\/index.php\\\/2019\\\/09\\\/17\\\/bundespokal-2019\\\/#primaryimage\",\"url\":\"https:\\\/\\\/rw-moisling.de\\\/wp-content\\\/uploads\\\/2019\\\/09\\\/Bundespokal-2019.jpeg\",\"contentUrl\":\"https:\\\/\\\/rw-moisling.de\\\/wp-content\\\/uploads\\\/2019\\\/09\\\/Bundespokal-2019.jpeg\",\"width\":1600,\"height\":1200,\"caption\":\"Mannschaft mit Trainer Gerd Clasen\"},{\"@type\":\"BreadcrumbList\",\"@id\":\"https:\\\/\\\/rw-moisling.de\\\/index.php\\\/2019\\\/09\\\/17\\\/bundespokal-2019\\\/#breadcrumb\",\"itemListElement\":[{\"@type\":\"ListItem\",\"position\":1,\"name\":\"Startseite\",\"item\":\"https:\\\/\\\/rw-moisling.de\\\/\"},{\"@type\":\"ListItem\",\"position\":2,\"name\":\"Bundespokal 2019\"}]},{\"@type\":\"WebSite\",\"@id\":\"https:\\\/\\\/rw-moisling.de\\\/#website\",\"url\":\"https:\\\/\\\/rw-moisling.de\\\/\",\"name\":\"Rot-Wei\u00df Moisling von 1911 e.V.\",\"description\":\"\",\"potentialAction\":[{\"@type\":\"SearchAction\",\"target\":{\"@type\":\"EntryPoint\",\"urlTemplate\":\"https:\\\/\\\/rw-moisling.de\\\/?s={search_term_string}\"},\"query-input\":{\"@type\":\"PropertyValueSpecification\",\"valueRequired\":true,\"valueName\":\"search_term_string\"}}],\"inLanguage\":\"de\"},{\"@type\":\"Person\",\"@id\":\"https:\\\/\\\/rw-moisling.de\\\/#\\\/schema\\\/person\\\/d817b21fbd1db678ab4012faf2d6932f\",\"name\":\"Anna\",\"url\":\"https:\\\/\\\/rw-moisling.de\\\/index.php\\\/author\\\/anna\\\/\"}]}<\/script>\n<!-- \/ Yoast SEO plugin. -->","yoast_head_json":{"title":"Bundespokal 2019 - Rot-Wei\u00df Moisling","robots":{"index":"index","follow":"follow","max-snippet":"max-snippet:-1","max-image-preview":"max-image-preview:large","max-video-preview":"max-video-preview:-1"},"canonical":"https:\/\/rw-moisling.de\/index.php\/2019\/09\/17\/bundespokal-2019\/","og_locale":"de_DE","og_type":"article","og_title":"Bundespokal 2019 - Rot-Wei\u00df Moisling","og_description":"In K\u00f6ngen (WTB) fand am vergangenen Samstag der Bundespokal Einradfahren\/ DM Halbfinale statt. Aus Moisling waren zwei Mannschaften am Start: Der Einrad-Vierer mit Britta und J\u00f6rn Clasen, Anna P\u00e4tschke und Tobias Terpe, sowie der Sechser,&hellip;","og_url":"https:\/\/rw-moisling.de\/index.php\/2019\/09\/17\/bundespokal-2019\/","og_site_name":"Rot-Wei\u00df Moisling","article_published_time":"2019-09-17T09:00:19+00:00","article_modified_time":"2019-09-17T09:00:20+00:00","og_image":[{"width":1600,"height":1200,"url":"https:\/\/rw-moisling.de\/wp-content\/uploads\/2019\/09\/Bundespokal-2019.jpeg","type":"image\/jpeg"}],"author":"Anna","twitter_card":"summary_large_image","twitter_misc":{"Verfasst von":"Anna","Gesch\u00e4tzte Lesezeit":"1\u00a0Minute"},"schema":{"@context":"https:\/\/schema.org","@graph":[{"@type":"Article","@id":"https:\/\/rw-moisling.de\/index.php\/2019\/09\/17\/bundespokal-2019\/#article","isPartOf":{"@id":"https:\/\/rw-moisling.de\/index.php\/2019\/09\/17\/bundespokal-2019\/"},"author":{"name":"Anna","@id":"https:\/\/rw-moisling.de\/#\/schema\/person\/d817b21fbd1db678ab4012faf2d6932f"},"headline":"Bundespokal 2019","datePublished":"2019-09-17T09:00:19+00:00","dateModified":"2019-09-17T09:00:20+00:00","mainEntityOfPage":{"@id":"https:\/\/rw-moisling.de\/index.php\/2019\/09\/17\/bundespokal-2019\/"},"wordCount":144,"image":{"@id":"https:\/\/rw-moisling.de\/index.php\/2019\/09\/17\/bundespokal-2019\/#primaryimage"},"thumbnailUrl":"https:\/\/rw-moisling.de\/wp-content\/uploads\/2019\/09\/Bundespokal-2019.jpeg","articleSection":["News"],"inLanguage":"de"},{"@type":"WebPage","@id":"https:\/\/rw-moisling.de\/index.php\/2019\/09\/17\/bundespokal-2019\/","url":"https:\/\/rw-moisling.de\/index.php\/2019\/09\/17\/bundespokal-2019\/","name":"Bundespokal 2019 - Rot-Wei\u00df Moisling","isPartOf":{"@id":"https:\/\/rw-moisling.de\/#website"},"primaryImageOfPage":{"@id":"https:\/\/rw-moisling.de\/index.php\/2019\/09\/17\/bundespokal-2019\/#primaryimage"},"image":{"@id":"https:\/\/rw-moisling.de\/index.php\/2019\/09\/17\/bundespokal-2019\/#primaryimage"},"thumbnailUrl":"https:\/\/rw-moisling.de\/wp-content\/uploads\/2019\/09\/Bundespokal-2019.jpeg","datePublished":"2019-09-17T09:00:19+00:00","dateModified":"2019-09-17T09:00:20+00:00","author":{"@id":"https:\/\/rw-moisling.de\/#\/schema\/person\/d817b21fbd1db678ab4012faf2d6932f"},"breadcrumb":{"@id":"https:\/\/rw-moisling.de\/index.php\/2019\/09\/17\/bundespokal-2019\/#breadcrumb"},"inLanguage":"de","potentialAction":[{"@type":"ReadAction","target":["https:\/\/rw-moisling.de\/index.php\/2019\/09\/17\/bundespokal-2019\/"]}]},{"@type":"ImageObject","inLanguage":"de","@id":"https:\/\/rw-moisling.de\/index.php\/2019\/09\/17\/bundespokal-2019\/#primaryimage","url":"https:\/\/rw-moisling.de\/wp-content\/uploads\/2019\/09\/Bundespokal-2019.jpeg","contentUrl":"https:\/\/rw-moisling.de\/wp-content\/uploads\/2019\/09\/Bundespokal-2019.jpeg","width":1600,"height":1200,"caption":"Mannschaft mit Trainer Gerd Clasen"},{"@type":"BreadcrumbList","@id":"https:\/\/rw-moisling.de\/index.php\/2019\/09\/17\/bundespokal-2019\/#breadcrumb","itemListElement":[{"@type":"ListItem","position":1,"name":"Startseite","item":"https:\/\/rw-moisling.de\/"},{"@type":"ListItem","position":2,"name":"Bundespokal 2019"}]},{"@type":"WebSite","@id":"https:\/\/rw-moisling.de\/#website","url":"https:\/\/rw-moisling.de\/","name":"Rot-Wei\u00df Moisling von 1911 e.V.","description":"","potentialAction":[{"@type":"SearchAction","target":{"@type":"EntryPoint","urlTemplate":"https:\/\/rw-moisling.de\/?s={search_term_string}"},"query-input":{"@type":"PropertyValueSpecification","valueRequired":true,"valueName":"search_term_string"}}],"inLanguage":"de"},{"@type":"Person","@id":"https:\/\/rw-moisling.de\/#\/schema\/person\/d817b21fbd1db678ab4012faf2d6932f","name":"Anna","url":"https:\/\/rw-moisling.de\/index.php\/author\/anna\/"}]}},"_links":{"self":[{"href":"https:\/\/rw-moisling.de\/index.php\/wp-json\/wp\/v2\/posts\/2277","targetHints":{"allow":["GET"]}}],"collection":[{"href":"https:\/\/rw-moisling.de\/index.php\/wp-json\/wp\/v2\/posts"}],"about":[{"href":"https:\/\/rw-moisling.de\/index.php\/wp-json\/wp\/v2\/types\/post"}],"author":[{"embeddable":true,"href":"https:\/\/rw-moisling.de\/index.php\/wp-json\/wp\/v2\/users\/4"}],"replies":[{"embeddable":true,"href":"https:\/\/rw-moisling.de\/index.php\/wp-json\/wp\/v2\/comments?post=2277"}],"version-history":[{"count":2,"href":"https:\/\/rw-moisling.de\/index.php\/wp-json\/wp\/v2\/posts\/2277\/revisions"}],"predecessor-version":[{"id":2280,"href":"https:\/\/rw-moisling.de\/index.php\/wp-json\/wp\/v2\/posts\/2277\/revisions\/2280"}],"wp:featuredmedia":[{"embeddable":true,"href":"https:\/\/rw-moisling.de\/index.php\/wp-json\/wp\/v2\/media\/2278"}],"wp:attachment":[{"href":"https:\/\/rw-moisling.de\/index.php\/wp-json\/wp\/v2\/media?parent=2277"}],"wp:term":[{"taxonomy":"category","embeddable":true,"href":"https:\/\/rw-moisling.de\/index.php\/wp-json\/wp\/v2\/categories?post=2277"},{"taxonomy":"post_tag","embeddable":true,"href":"https:\/\/rw-moisling.de\/index.php\/wp-json\/wp\/v2\/tags?post=2277"}],"curies":[{"name":"wp","href":"https:\/\/api.w.org\/{rel}","templated":true}]}}