{"id":1534,"date":"2018-12-05T14:46:43","date_gmt":"2018-12-05T13:46:43","guid":{"rendered":"https:\/\/rw-moisling.de\/?p=1534"},"modified":"2018-12-05T14:46:43","modified_gmt":"2018-12-05T13:46:43","slug":"vereinswettkampf-karate","status":"publish","type":"post","link":"https:\/\/rw-moisling.de\/index.php\/2018\/12\/05\/vereinswettkampf-karate\/","title":{"rendered":"Vereinswettkampf Karate"},"content":{"rendered":"<p><strong>Drei \u201eFliegen\u201c mit einer Klappe<\/strong><\/p>\n<p><strong>\u00a0<\/strong>Ein besonderer Anlass war ausschlaggebend daf\u00fcr, Ende November 2018 gleich drei Karateevents zusammen zu legen. \u201e\u201cVereinsmeisterschaft\u201c, 50 Jahre Karate, Jahresabschlussfeier: Es begann am Sonntag den 25.11.2018 mit\u00a0 der diesj\u00e4hrigen Vereinsmeisterschaft der Karateabteilung. Entt\u00e4uschend das Engagement der Kinder und Jugendlichen, f\u00fcr die eigens eine solche Vereinsmeisterschaft ausgerichtet wird. Das neben dem Sport, Training und Wettk\u00e4mpfe auch eine soziale Komponente\u00a0 zum Vereinsleben geh\u00f6rt, kommt bei vielen Kindern, aber auch Eltern, nicht an.<\/p>\n<p>Und so war lediglich die Wei\u00df\/Gelbgurtgruppe mit sechs von m\u00f6glichen sieben Starterinnen\/Starter fast \u201evollz\u00e4hlig\u201c vertreten. Mit Ali Kamal Alden, Celina Sch\u00fcnke und Megi Valkanova war Pool A mit reinen \u201eFreizeitsportlern\u201c besetzt, w\u00e4hrend auf Pool B mit\u00a0 Kalle Fr\u00f6hlich, Vico von Pentz und Tim Zander\u00a0 drei \u201eWettkampf\u201c erfahrene gegeneinander antraten. Sie hatten erst letzte Woche beim \u201eMartial Arts Cup\u201c in Bad Oldesloe f\u00fcr positive Wettkampfergebnisse gesorgt. Celina bei den \u201eFreizeitsportlern\u201c und Tim bei den \u201eProfis\u201c standen sich im Finale gegen\u00fcber. Souver\u00e4n wurde Tim Vereinsmeister 2018. 2. Platz f\u00fcr Celina; Megi und Kalle teilten sich die beiden dritten Pl\u00e4tze.<\/p>\n<p><img loading=\"lazy\" decoding=\"async\" class=\" wp-image-1536 aligncenter\" src=\"https:\/\/rw-moisling.de\/wp-content\/uploads\/2018\/12\/Bild-Vereinsmeisterschaft-300x186.jpg\" alt=\"\" width=\"347\" height=\"215\" srcset=\"https:\/\/rw-moisling.de\/wp-content\/uploads\/2018\/12\/Bild-Vereinsmeisterschaft-300x186.jpg 300w, https:\/\/rw-moisling.de\/wp-content\/uploads\/2018\/12\/Bild-Vereinsmeisterschaft-768x476.jpg 768w, https:\/\/rw-moisling.de\/wp-content\/uploads\/2018\/12\/Bild-Vereinsmeisterschaft-1024x635.jpg 1024w\" sizes=\"auto, (max-width: 347px) 100vw, 347px\" \/><\/p>\n","protected":false},"excerpt":{"rendered":"<p>Drei \u201eFliegen\u201c mit einer Klappe \u00a0Ein besonderer Anlass war ausschlaggebend daf\u00fcr, Ende November 2018 gleich drei Karateevents zusammen zu legen. \u201e\u201cVereinsmeisterschaft\u201c, 50 Jahre Karate, Jahresabschlussfeier: Es begann am Sonntag den 25.11.2018 mit\u00a0 der diesj\u00e4hrigen Vereinsmeisterschaft&hellip;<\/p>\n","protected":false},"author":5,"featured_media":0,"comment_status":"closed","ping_status":"closed","sticky":false,"template":"","format":"standard","meta":{"footnotes":""},"categories":[1],"tags":[],"class_list":["post-1534","post","type-post","status-publish","format-standard","hentry","category-allgemein"],"yoast_head":"<!-- This site is optimized with the Yoast SEO plugin v27.5 - https:\/\/yoast.com\/product\/yoast-seo-wordpress\/ -->\n<title>Vereinswettkampf Karate - Rot-Wei\u00df Moisling<\/title>\n<meta name=\"robots\" content=\"index, follow, max-snippet:-1, max-image-preview:large, max-video-preview:-1\" \/>\n<link rel=\"canonical\" href=\"https:\/\/rw-moisling.de\/index.php\/2018\/12\/05\/vereinswettkampf-karate\/\" \/>\n<meta property=\"og:locale\" content=\"de_DE\" \/>\n<meta property=\"og:type\" content=\"article\" \/>\n<meta property=\"og:title\" content=\"Vereinswettkampf Karate - Rot-Wei\u00df Moisling\" \/>\n<meta property=\"og:description\" content=\"Drei \u201eFliegen\u201c mit einer Klappe \u00a0Ein besonderer Anlass war ausschlaggebend daf\u00fcr, Ende November 2018 gleich drei Karateevents zusammen zu legen. \u201e\u201cVereinsmeisterschaft\u201c, 50 Jahre Karate, Jahresabschlussfeier: Es begann am Sonntag den 25.11.2018 mit\u00a0 der diesj\u00e4hrigen Vereinsmeisterschaft&hellip;\" \/>\n<meta property=\"og:url\" content=\"https:\/\/rw-moisling.de\/index.php\/2018\/12\/05\/vereinswettkampf-karate\/\" \/>\n<meta property=\"og:site_name\" content=\"Rot-Wei\u00df Moisling\" \/>\n<meta property=\"article:published_time\" content=\"2018-12-05T13:46:43+00:00\" \/>\n<meta property=\"og:image\" content=\"https:\/\/rw-moisling.de\/wp-content\/uploads\/2018\/12\/Bild-Vereinsmeisterschaft-300x186.jpg\" \/>\n<meta name=\"author\" content=\"Heiner\" \/>\n<meta name=\"twitter:card\" content=\"summary_large_image\" \/>\n<meta name=\"twitter:label1\" content=\"Verfasst von\" \/>\n\t<meta name=\"twitter:data1\" content=\"Heiner\" \/>\n\t<meta name=\"twitter:label2\" content=\"Gesch\u00e4tzte Lesezeit\" \/>\n\t<meta name=\"twitter:data2\" content=\"1\u00a0Minute\" \/>\n<script type=\"application\/ld+json\" class=\"yoast-schema-graph\">{\"@context\":\"https:\\\/\\\/schema.org\",\"@graph\":[{\"@type\":\"Article\",\"@id\":\"https:\\\/\\\/rw-moisling.de\\\/index.php\\\/2018\\\/12\\\/05\\\/vereinswettkampf-karate\\\/#article\",\"isPartOf\":{\"@id\":\"https:\\\/\\\/rw-moisling.de\\\/index.php\\\/2018\\\/12\\\/05\\\/vereinswettkampf-karate\\\/\"},\"author\":{\"name\":\"Heiner\",\"@id\":\"https:\\\/\\\/rw-moisling.de\\\/#\\\/schema\\\/person\\\/62e68413e611bf961d0be72ec137b56c\"},\"headline\":\"Vereinswettkampf Karate\",\"datePublished\":\"2018-12-05T13:46:43+00:00\",\"mainEntityOfPage\":{\"@id\":\"https:\\\/\\\/rw-moisling.de\\\/index.php\\\/2018\\\/12\\\/05\\\/vereinswettkampf-karate\\\/\"},\"wordCount\":187,\"image\":{\"@id\":\"https:\\\/\\\/rw-moisling.de\\\/index.php\\\/2018\\\/12\\\/05\\\/vereinswettkampf-karate\\\/#primaryimage\"},\"thumbnailUrl\":\"https:\\\/\\\/rw-moisling.de\\\/wp-content\\\/uploads\\\/2018\\\/12\\\/Bild-Vereinsmeisterschaft-300x186.jpg\",\"inLanguage\":\"de\"},{\"@type\":\"WebPage\",\"@id\":\"https:\\\/\\\/rw-moisling.de\\\/index.php\\\/2018\\\/12\\\/05\\\/vereinswettkampf-karate\\\/\",\"url\":\"https:\\\/\\\/rw-moisling.de\\\/index.php\\\/2018\\\/12\\\/05\\\/vereinswettkampf-karate\\\/\",\"name\":\"Vereinswettkampf Karate - Rot-Wei\u00df Moisling\",\"isPartOf\":{\"@id\":\"https:\\\/\\\/rw-moisling.de\\\/#website\"},\"primaryImageOfPage\":{\"@id\":\"https:\\\/\\\/rw-moisling.de\\\/index.php\\\/2018\\\/12\\\/05\\\/vereinswettkampf-karate\\\/#primaryimage\"},\"image\":{\"@id\":\"https:\\\/\\\/rw-moisling.de\\\/index.php\\\/2018\\\/12\\\/05\\\/vereinswettkampf-karate\\\/#primaryimage\"},\"thumbnailUrl\":\"https:\\\/\\\/rw-moisling.de\\\/wp-content\\\/uploads\\\/2018\\\/12\\\/Bild-Vereinsmeisterschaft-300x186.jpg\",\"datePublished\":\"2018-12-05T13:46:43+00:00\",\"author\":{\"@id\":\"https:\\\/\\\/rw-moisling.de\\\/#\\\/schema\\\/person\\\/62e68413e611bf961d0be72ec137b56c\"},\"breadcrumb\":{\"@id\":\"https:\\\/\\\/rw-moisling.de\\\/index.php\\\/2018\\\/12\\\/05\\\/vereinswettkampf-karate\\\/#breadcrumb\"},\"inLanguage\":\"de\",\"potentialAction\":[{\"@type\":\"ReadAction\",\"target\":[\"https:\\\/\\\/rw-moisling.de\\\/index.php\\\/2018\\\/12\\\/05\\\/vereinswettkampf-karate\\\/\"]}]},{\"@type\":\"ImageObject\",\"inLanguage\":\"de\",\"@id\":\"https:\\\/\\\/rw-moisling.de\\\/index.php\\\/2018\\\/12\\\/05\\\/vereinswettkampf-karate\\\/#primaryimage\",\"url\":\"https:\\\/\\\/rw-moisling.de\\\/wp-content\\\/uploads\\\/2018\\\/12\\\/Bild-Vereinsmeisterschaft.jpg\",\"contentUrl\":\"https:\\\/\\\/rw-moisling.de\\\/wp-content\\\/uploads\\\/2018\\\/12\\\/Bild-Vereinsmeisterschaft.jpg\",\"width\":3014,\"height\":1868},{\"@type\":\"BreadcrumbList\",\"@id\":\"https:\\\/\\\/rw-moisling.de\\\/index.php\\\/2018\\\/12\\\/05\\\/vereinswettkampf-karate\\\/#breadcrumb\",\"itemListElement\":[{\"@type\":\"ListItem\",\"position\":1,\"name\":\"Startseite\",\"item\":\"https:\\\/\\\/rw-moisling.de\\\/\"},{\"@type\":\"ListItem\",\"position\":2,\"name\":\"Vereinswettkampf Karate\"}]},{\"@type\":\"WebSite\",\"@id\":\"https:\\\/\\\/rw-moisling.de\\\/#website\",\"url\":\"https:\\\/\\\/rw-moisling.de\\\/\",\"name\":\"Rot-Wei\u00df Moisling von 1911 e.V.\",\"description\":\"\",\"potentialAction\":[{\"@type\":\"SearchAction\",\"target\":{\"@type\":\"EntryPoint\",\"urlTemplate\":\"https:\\\/\\\/rw-moisling.de\\\/?s={search_term_string}\"},\"query-input\":{\"@type\":\"PropertyValueSpecification\",\"valueRequired\":true,\"valueName\":\"search_term_string\"}}],\"inLanguage\":\"de\"},{\"@type\":\"Person\",\"@id\":\"https:\\\/\\\/rw-moisling.de\\\/#\\\/schema\\\/person\\\/62e68413e611bf961d0be72ec137b56c\",\"name\":\"Heiner\",\"url\":\"https:\\\/\\\/rw-moisling.de\\\/index.php\\\/author\\\/heiner\\\/\"}]}<\/script>\n<!-- \/ Yoast SEO plugin. -->","yoast_head_json":{"title":"Vereinswettkampf Karate - Rot-Wei\u00df Moisling","robots":{"index":"index","follow":"follow","max-snippet":"max-snippet:-1","max-image-preview":"max-image-preview:large","max-video-preview":"max-video-preview:-1"},"canonical":"https:\/\/rw-moisling.de\/index.php\/2018\/12\/05\/vereinswettkampf-karate\/","og_locale":"de_DE","og_type":"article","og_title":"Vereinswettkampf Karate - Rot-Wei\u00df Moisling","og_description":"Drei \u201eFliegen\u201c mit einer Klappe \u00a0Ein besonderer Anlass war ausschlaggebend daf\u00fcr, Ende November 2018 gleich drei Karateevents zusammen zu legen. \u201e\u201cVereinsmeisterschaft\u201c, 50 Jahre Karate, Jahresabschlussfeier: Es begann am Sonntag den 25.11.2018 mit\u00a0 der diesj\u00e4hrigen Vereinsmeisterschaft&hellip;","og_url":"https:\/\/rw-moisling.de\/index.php\/2018\/12\/05\/vereinswettkampf-karate\/","og_site_name":"Rot-Wei\u00df Moisling","article_published_time":"2018-12-05T13:46:43+00:00","og_image":[{"url":"https:\/\/rw-moisling.de\/wp-content\/uploads\/2018\/12\/Bild-Vereinsmeisterschaft-300x186.jpg","type":"","width":"","height":""}],"author":"Heiner","twitter_card":"summary_large_image","twitter_misc":{"Verfasst von":"Heiner","Gesch\u00e4tzte Lesezeit":"1\u00a0Minute"},"schema":{"@context":"https:\/\/schema.org","@graph":[{"@type":"Article","@id":"https:\/\/rw-moisling.de\/index.php\/2018\/12\/05\/vereinswettkampf-karate\/#article","isPartOf":{"@id":"https:\/\/rw-moisling.de\/index.php\/2018\/12\/05\/vereinswettkampf-karate\/"},"author":{"name":"Heiner","@id":"https:\/\/rw-moisling.de\/#\/schema\/person\/62e68413e611bf961d0be72ec137b56c"},"headline":"Vereinswettkampf Karate","datePublished":"2018-12-05T13:46:43+00:00","mainEntityOfPage":{"@id":"https:\/\/rw-moisling.de\/index.php\/2018\/12\/05\/vereinswettkampf-karate\/"},"wordCount":187,"image":{"@id":"https:\/\/rw-moisling.de\/index.php\/2018\/12\/05\/vereinswettkampf-karate\/#primaryimage"},"thumbnailUrl":"https:\/\/rw-moisling.de\/wp-content\/uploads\/2018\/12\/Bild-Vereinsmeisterschaft-300x186.jpg","inLanguage":"de"},{"@type":"WebPage","@id":"https:\/\/rw-moisling.de\/index.php\/2018\/12\/05\/vereinswettkampf-karate\/","url":"https:\/\/rw-moisling.de\/index.php\/2018\/12\/05\/vereinswettkampf-karate\/","name":"Vereinswettkampf Karate - Rot-Wei\u00df Moisling","isPartOf":{"@id":"https:\/\/rw-moisling.de\/#website"},"primaryImageOfPage":{"@id":"https:\/\/rw-moisling.de\/index.php\/2018\/12\/05\/vereinswettkampf-karate\/#primaryimage"},"image":{"@id":"https:\/\/rw-moisling.de\/index.php\/2018\/12\/05\/vereinswettkampf-karate\/#primaryimage"},"thumbnailUrl":"https:\/\/rw-moisling.de\/wp-content\/uploads\/2018\/12\/Bild-Vereinsmeisterschaft-300x186.jpg","datePublished":"2018-12-05T13:46:43+00:00","author":{"@id":"https:\/\/rw-moisling.de\/#\/schema\/person\/62e68413e611bf961d0be72ec137b56c"},"breadcrumb":{"@id":"https:\/\/rw-moisling.de\/index.php\/2018\/12\/05\/vereinswettkampf-karate\/#breadcrumb"},"inLanguage":"de","potentialAction":[{"@type":"ReadAction","target":["https:\/\/rw-moisling.de\/index.php\/2018\/12\/05\/vereinswettkampf-karate\/"]}]},{"@type":"ImageObject","inLanguage":"de","@id":"https:\/\/rw-moisling.de\/index.php\/2018\/12\/05\/vereinswettkampf-karate\/#primaryimage","url":"https:\/\/rw-moisling.de\/wp-content\/uploads\/2018\/12\/Bild-Vereinsmeisterschaft.jpg","contentUrl":"https:\/\/rw-moisling.de\/wp-content\/uploads\/2018\/12\/Bild-Vereinsmeisterschaft.jpg","width":3014,"height":1868},{"@type":"BreadcrumbList","@id":"https:\/\/rw-moisling.de\/index.php\/2018\/12\/05\/vereinswettkampf-karate\/#breadcrumb","itemListElement":[{"@type":"ListItem","position":1,"name":"Startseite","item":"https:\/\/rw-moisling.de\/"},{"@type":"ListItem","position":2,"name":"Vereinswettkampf Karate"}]},{"@type":"WebSite","@id":"https:\/\/rw-moisling.de\/#website","url":"https:\/\/rw-moisling.de\/","name":"Rot-Wei\u00df Moisling von 1911 e.V.","description":"","potentialAction":[{"@type":"SearchAction","target":{"@type":"EntryPoint","urlTemplate":"https:\/\/rw-moisling.de\/?s={search_term_string}"},"query-input":{"@type":"PropertyValueSpecification","valueRequired":true,"valueName":"search_term_string"}}],"inLanguage":"de"},{"@type":"Person","@id":"https:\/\/rw-moisling.de\/#\/schema\/person\/62e68413e611bf961d0be72ec137b56c","name":"Heiner","url":"https:\/\/rw-moisling.de\/index.php\/author\/heiner\/"}]}},"_links":{"self":[{"href":"https:\/\/rw-moisling.de\/index.php\/wp-json\/wp\/v2\/posts\/1534","targetHints":{"allow":["GET"]}}],"collection":[{"href":"https:\/\/rw-moisling.de\/index.php\/wp-json\/wp\/v2\/posts"}],"about":[{"href":"https:\/\/rw-moisling.de\/index.php\/wp-json\/wp\/v2\/types\/post"}],"author":[{"embeddable":true,"href":"https:\/\/rw-moisling.de\/index.php\/wp-json\/wp\/v2\/users\/5"}],"replies":[{"embeddable":true,"href":"https:\/\/rw-moisling.de\/index.php\/wp-json\/wp\/v2\/comments?post=1534"}],"version-history":[{"count":2,"href":"https:\/\/rw-moisling.de\/index.php\/wp-json\/wp\/v2\/posts\/1534\/revisions"}],"predecessor-version":[{"id":1537,"href":"https:\/\/rw-moisling.de\/index.php\/wp-json\/wp\/v2\/posts\/1534\/revisions\/1537"}],"wp:attachment":[{"href":"https:\/\/rw-moisling.de\/index.php\/wp-json\/wp\/v2\/media?parent=1534"}],"wp:term":[{"taxonomy":"category","embeddable":true,"href":"https:\/\/rw-moisling.de\/index.php\/wp-json\/wp\/v2\/categories?post=1534"},{"taxonomy":"post_tag","embeddable":true,"href":"https:\/\/rw-moisling.de\/index.php\/wp-json\/wp\/v2\/tags?post=1534"}],"curies":[{"name":"wp","href":"https:\/\/api.w.org\/{rel}","templated":true}]}}