{"id":1271,"date":"2018-09-26T17:07:22","date_gmt":"2018-09-26T15:07:22","guid":{"rendered":"https:\/\/rw-moisling.de\/?p=1271"},"modified":"2018-09-26T21:07:49","modified_gmt":"2018-09-26T19:07:49","slug":"bundespokal-2018-dm-halbfinale","status":"publish","type":"post","link":"https:\/\/rw-moisling.de\/index.php\/2018\/09\/26\/bundespokal-2018-dm-halbfinale\/","title":{"rendered":"Bundespokal 2018\/ DM Halbfinale"},"content":{"rendered":"<p>Am 15. September fand in M\u00f6rfelden (HE) der Bundespokal im Einradfahren statt. Dabei wird in der Vorrunde die Qualifikation zur Deutschen Meisterschaft ausgefahren und im abendlichen Finale geht es dann um den begehrten Bundespokalsieg. Zwei Mannschaften aus Moisling machten sich auf die Reise, um im Vierer mit Britta und J\u00f6rn Clasen, Tobias Terpe und Anna P\u00e4tschke sowohl die Qualifikation zur Deutschen zu schaffen sowie als amtierende Bundespokalsieger diesen Titel zu verteidigen. Im Sechser, der durch Lea-Christin Hermann und Yara Sch\u00fctt erweitert wird, ging es darum, sich mit einem komplett neu aufgestellten Programm gut zu pr\u00e4sentieren und mit ganz viel Gl\u00fcck an der Deutschen teilnehmen zu d\u00fcrfen. Allerdings kam es auf der Hinfahrt auf der Autobahnrastst\u00e4tte zu einem kleinen Unfall und eine Sportlerin zog sich einen B\u00e4nderanriss mit Prellung im Fu\u00df zu. Dadurch war an einen Start am Bundespokal nicht mehr zu denken und die Sportler genossen die Meisterschaft ausnahmsweise aus der Zuschauerperspektive.<\/p>\n<p>Als amtierende deutsche Meister haben sich aber Britta und J\u00f6rn Clasen, Tobias Terpe und Anna P\u00e4tschke trotzdem f\u00fcr die Deutsche Meisterschaft im Oktober in der N\u00e4he von Stuttgart qualifiziert.<\/p>\n<p>Jetzt gilt es, schnell wieder gesund zu werden und die verbleibende Zeit f\u00fcr m\u00f6glichst viel Training angesichts der Verletzung zu nutzen, um an der Deutschen m\u00f6glichst viel herauszuholen.<\/p>\n<p><a href=\"https:\/\/rw-moisling.de\/wp-content\/uploads\/2018\/09\/dm_ebnat_plakat.jpg\"><img loading=\"lazy\" decoding=\"async\" class=\"aligncenter wp-image-1273\" src=\"https:\/\/rw-moisling.de\/wp-content\/uploads\/2018\/09\/dm_ebnat_plakat-300x223.jpg\" alt=\"\" width=\"322\" height=\"240\" srcset=\"https:\/\/rw-moisling.de\/wp-content\/uploads\/2018\/09\/dm_ebnat_plakat-300x223.jpg 300w, https:\/\/rw-moisling.de\/wp-content\/uploads\/2018\/09\/dm_ebnat_plakat.jpg 723w\" sizes=\"auto, (max-width: 322px) 100vw, 322px\" \/><\/a><\/p>\n","protected":false},"excerpt":{"rendered":"<p>Am 15. September fand in M\u00f6rfelden (HE) der Bundespokal im Einradfahren statt. Dabei wird in der Vorrunde die Qualifikation zur Deutschen Meisterschaft ausgefahren und im abendlichen Finale geht es dann um den begehrten Bundespokalsieg. Zwei&hellip;<\/p>\n","protected":false},"author":1,"featured_media":1294,"comment_status":"closed","ping_status":"closed","sticky":false,"template":"","format":"standard","meta":{"footnotes":""},"categories":[13],"tags":[],"class_list":["post-1271","post","type-post","status-publish","format-standard","has-post-thumbnail","hentry","category-news"],"yoast_head":"<!-- This site is optimized with the Yoast SEO plugin v27.5 - https:\/\/yoast.com\/product\/yoast-seo-wordpress\/ -->\n<title>Bundespokal 2018\/ DM Halbfinale - Rot-Wei\u00df Moisling<\/title>\n<meta name=\"robots\" content=\"index, follow, max-snippet:-1, max-image-preview:large, max-video-preview:-1\" \/>\n<link rel=\"canonical\" href=\"https:\/\/rw-moisling.de\/index.php\/2018\/09\/26\/bundespokal-2018-dm-halbfinale\/\" \/>\n<meta property=\"og:locale\" content=\"de_DE\" \/>\n<meta property=\"og:type\" content=\"article\" \/>\n<meta property=\"og:title\" content=\"Bundespokal 2018\/ DM Halbfinale - Rot-Wei\u00df Moisling\" \/>\n<meta property=\"og:description\" content=\"Am 15. September fand in M\u00f6rfelden (HE) der Bundespokal im Einradfahren statt. Dabei wird in der Vorrunde die Qualifikation zur Deutschen Meisterschaft ausgefahren und im abendlichen Finale geht es dann um den begehrten Bundespokalsieg. Zwei&hellip;\" \/>\n<meta property=\"og:url\" content=\"https:\/\/rw-moisling.de\/index.php\/2018\/09\/26\/bundespokal-2018-dm-halbfinale\/\" \/>\n<meta property=\"og:site_name\" content=\"Rot-Wei\u00df Moisling\" \/>\n<meta property=\"article:published_time\" content=\"2018-09-26T15:07:22+00:00\" \/>\n<meta property=\"article:modified_time\" content=\"2018-09-26T19:07:49+00:00\" \/>\n<meta property=\"og:image\" content=\"https:\/\/rw-moisling.de\/wp-content\/uploads\/2018\/09\/Beitragsbild.png\" \/>\n\t<meta property=\"og:image:width\" content=\"648\" \/>\n\t<meta property=\"og:image:height\" content=\"648\" \/>\n\t<meta property=\"og:image:type\" content=\"image\/png\" \/>\n<meta name=\"author\" content=\"admin\" \/>\n<meta name=\"twitter:card\" content=\"summary_large_image\" \/>\n<meta name=\"twitter:label1\" content=\"Verfasst von\" \/>\n\t<meta name=\"twitter:data1\" content=\"admin\" \/>\n\t<meta name=\"twitter:label2\" content=\"Gesch\u00e4tzte Lesezeit\" \/>\n\t<meta name=\"twitter:data2\" content=\"1\u00a0Minute\" \/>\n<script type=\"application\/ld+json\" class=\"yoast-schema-graph\">{\"@context\":\"https:\\\/\\\/schema.org\",\"@graph\":[{\"@type\":\"Article\",\"@id\":\"https:\\\/\\\/rw-moisling.de\\\/index.php\\\/2018\\\/09\\\/26\\\/bundespokal-2018-dm-halbfinale\\\/#article\",\"isPartOf\":{\"@id\":\"https:\\\/\\\/rw-moisling.de\\\/index.php\\\/2018\\\/09\\\/26\\\/bundespokal-2018-dm-halbfinale\\\/\"},\"author\":{\"name\":\"admin\",\"@id\":\"https:\\\/\\\/rw-moisling.de\\\/#\\\/schema\\\/person\\\/7e939f3a68a6a14f1fbb3439753d1a45\"},\"headline\":\"Bundespokal 2018\\\/ DM Halbfinale\",\"datePublished\":\"2018-09-26T15:07:22+00:00\",\"dateModified\":\"2018-09-26T19:07:49+00:00\",\"mainEntityOfPage\":{\"@id\":\"https:\\\/\\\/rw-moisling.de\\\/index.php\\\/2018\\\/09\\\/26\\\/bundespokal-2018-dm-halbfinale\\\/\"},\"wordCount\":227,\"image\":{\"@id\":\"https:\\\/\\\/rw-moisling.de\\\/index.php\\\/2018\\\/09\\\/26\\\/bundespokal-2018-dm-halbfinale\\\/#primaryimage\"},\"thumbnailUrl\":\"https:\\\/\\\/rw-moisling.de\\\/wp-content\\\/uploads\\\/2018\\\/09\\\/Beitragsbild.png\",\"articleSection\":[\"News\"],\"inLanguage\":\"de\"},{\"@type\":\"WebPage\",\"@id\":\"https:\\\/\\\/rw-moisling.de\\\/index.php\\\/2018\\\/09\\\/26\\\/bundespokal-2018-dm-halbfinale\\\/\",\"url\":\"https:\\\/\\\/rw-moisling.de\\\/index.php\\\/2018\\\/09\\\/26\\\/bundespokal-2018-dm-halbfinale\\\/\",\"name\":\"Bundespokal 2018\\\/ DM Halbfinale - Rot-Wei\u00df Moisling\",\"isPartOf\":{\"@id\":\"https:\\\/\\\/rw-moisling.de\\\/#website\"},\"primaryImageOfPage\":{\"@id\":\"https:\\\/\\\/rw-moisling.de\\\/index.php\\\/2018\\\/09\\\/26\\\/bundespokal-2018-dm-halbfinale\\\/#primaryimage\"},\"image\":{\"@id\":\"https:\\\/\\\/rw-moisling.de\\\/index.php\\\/2018\\\/09\\\/26\\\/bundespokal-2018-dm-halbfinale\\\/#primaryimage\"},\"thumbnailUrl\":\"https:\\\/\\\/rw-moisling.de\\\/wp-content\\\/uploads\\\/2018\\\/09\\\/Beitragsbild.png\",\"datePublished\":\"2018-09-26T15:07:22+00:00\",\"dateModified\":\"2018-09-26T19:07:49+00:00\",\"author\":{\"@id\":\"https:\\\/\\\/rw-moisling.de\\\/#\\\/schema\\\/person\\\/7e939f3a68a6a14f1fbb3439753d1a45\"},\"breadcrumb\":{\"@id\":\"https:\\\/\\\/rw-moisling.de\\\/index.php\\\/2018\\\/09\\\/26\\\/bundespokal-2018-dm-halbfinale\\\/#breadcrumb\"},\"inLanguage\":\"de\",\"potentialAction\":[{\"@type\":\"ReadAction\",\"target\":[\"https:\\\/\\\/rw-moisling.de\\\/index.php\\\/2018\\\/09\\\/26\\\/bundespokal-2018-dm-halbfinale\\\/\"]}]},{\"@type\":\"ImageObject\",\"inLanguage\":\"de\",\"@id\":\"https:\\\/\\\/rw-moisling.de\\\/index.php\\\/2018\\\/09\\\/26\\\/bundespokal-2018-dm-halbfinale\\\/#primaryimage\",\"url\":\"https:\\\/\\\/rw-moisling.de\\\/wp-content\\\/uploads\\\/2018\\\/09\\\/Beitragsbild.png\",\"contentUrl\":\"https:\\\/\\\/rw-moisling.de\\\/wp-content\\\/uploads\\\/2018\\\/09\\\/Beitragsbild.png\",\"width\":648,\"height\":648,\"caption\":\"DM Ebnat Plakat\"},{\"@type\":\"BreadcrumbList\",\"@id\":\"https:\\\/\\\/rw-moisling.de\\\/index.php\\\/2018\\\/09\\\/26\\\/bundespokal-2018-dm-halbfinale\\\/#breadcrumb\",\"itemListElement\":[{\"@type\":\"ListItem\",\"position\":1,\"name\":\"Startseite\",\"item\":\"https:\\\/\\\/rw-moisling.de\\\/\"},{\"@type\":\"ListItem\",\"position\":2,\"name\":\"Bundespokal 2018\\\/ DM Halbfinale\"}]},{\"@type\":\"WebSite\",\"@id\":\"https:\\\/\\\/rw-moisling.de\\\/#website\",\"url\":\"https:\\\/\\\/rw-moisling.de\\\/\",\"name\":\"Rot-Wei\u00df Moisling von 1911 e.V.\",\"description\":\"\",\"potentialAction\":[{\"@type\":\"SearchAction\",\"target\":{\"@type\":\"EntryPoint\",\"urlTemplate\":\"https:\\\/\\\/rw-moisling.de\\\/?s={search_term_string}\"},\"query-input\":{\"@type\":\"PropertyValueSpecification\",\"valueRequired\":true,\"valueName\":\"search_term_string\"}}],\"inLanguage\":\"de\"},{\"@type\":\"Person\",\"@id\":\"https:\\\/\\\/rw-moisling.de\\\/#\\\/schema\\\/person\\\/7e939f3a68a6a14f1fbb3439753d1a45\",\"name\":\"admin\",\"url\":\"https:\\\/\\\/rw-moisling.de\\\/index.php\\\/author\\\/admin\\\/\"}]}<\/script>\n<!-- \/ Yoast SEO plugin. -->","yoast_head_json":{"title":"Bundespokal 2018\/ DM Halbfinale - Rot-Wei\u00df Moisling","robots":{"index":"index","follow":"follow","max-snippet":"max-snippet:-1","max-image-preview":"max-image-preview:large","max-video-preview":"max-video-preview:-1"},"canonical":"https:\/\/rw-moisling.de\/index.php\/2018\/09\/26\/bundespokal-2018-dm-halbfinale\/","og_locale":"de_DE","og_type":"article","og_title":"Bundespokal 2018\/ DM Halbfinale - Rot-Wei\u00df Moisling","og_description":"Am 15. September fand in M\u00f6rfelden (HE) der Bundespokal im Einradfahren statt. Dabei wird in der Vorrunde die Qualifikation zur Deutschen Meisterschaft ausgefahren und im abendlichen Finale geht es dann um den begehrten Bundespokalsieg. Zwei&hellip;","og_url":"https:\/\/rw-moisling.de\/index.php\/2018\/09\/26\/bundespokal-2018-dm-halbfinale\/","og_site_name":"Rot-Wei\u00df Moisling","article_published_time":"2018-09-26T15:07:22+00:00","article_modified_time":"2018-09-26T19:07:49+00:00","og_image":[{"width":648,"height":648,"url":"https:\/\/rw-moisling.de\/wp-content\/uploads\/2018\/09\/Beitragsbild.png","type":"image\/png"}],"author":"admin","twitter_card":"summary_large_image","twitter_misc":{"Verfasst von":"admin","Gesch\u00e4tzte Lesezeit":"1\u00a0Minute"},"schema":{"@context":"https:\/\/schema.org","@graph":[{"@type":"Article","@id":"https:\/\/rw-moisling.de\/index.php\/2018\/09\/26\/bundespokal-2018-dm-halbfinale\/#article","isPartOf":{"@id":"https:\/\/rw-moisling.de\/index.php\/2018\/09\/26\/bundespokal-2018-dm-halbfinale\/"},"author":{"name":"admin","@id":"https:\/\/rw-moisling.de\/#\/schema\/person\/7e939f3a68a6a14f1fbb3439753d1a45"},"headline":"Bundespokal 2018\/ DM Halbfinale","datePublished":"2018-09-26T15:07:22+00:00","dateModified":"2018-09-26T19:07:49+00:00","mainEntityOfPage":{"@id":"https:\/\/rw-moisling.de\/index.php\/2018\/09\/26\/bundespokal-2018-dm-halbfinale\/"},"wordCount":227,"image":{"@id":"https:\/\/rw-moisling.de\/index.php\/2018\/09\/26\/bundespokal-2018-dm-halbfinale\/#primaryimage"},"thumbnailUrl":"https:\/\/rw-moisling.de\/wp-content\/uploads\/2018\/09\/Beitragsbild.png","articleSection":["News"],"inLanguage":"de"},{"@type":"WebPage","@id":"https:\/\/rw-moisling.de\/index.php\/2018\/09\/26\/bundespokal-2018-dm-halbfinale\/","url":"https:\/\/rw-moisling.de\/index.php\/2018\/09\/26\/bundespokal-2018-dm-halbfinale\/","name":"Bundespokal 2018\/ DM Halbfinale - Rot-Wei\u00df Moisling","isPartOf":{"@id":"https:\/\/rw-moisling.de\/#website"},"primaryImageOfPage":{"@id":"https:\/\/rw-moisling.de\/index.php\/2018\/09\/26\/bundespokal-2018-dm-halbfinale\/#primaryimage"},"image":{"@id":"https:\/\/rw-moisling.de\/index.php\/2018\/09\/26\/bundespokal-2018-dm-halbfinale\/#primaryimage"},"thumbnailUrl":"https:\/\/rw-moisling.de\/wp-content\/uploads\/2018\/09\/Beitragsbild.png","datePublished":"2018-09-26T15:07:22+00:00","dateModified":"2018-09-26T19:07:49+00:00","author":{"@id":"https:\/\/rw-moisling.de\/#\/schema\/person\/7e939f3a68a6a14f1fbb3439753d1a45"},"breadcrumb":{"@id":"https:\/\/rw-moisling.de\/index.php\/2018\/09\/26\/bundespokal-2018-dm-halbfinale\/#breadcrumb"},"inLanguage":"de","potentialAction":[{"@type":"ReadAction","target":["https:\/\/rw-moisling.de\/index.php\/2018\/09\/26\/bundespokal-2018-dm-halbfinale\/"]}]},{"@type":"ImageObject","inLanguage":"de","@id":"https:\/\/rw-moisling.de\/index.php\/2018\/09\/26\/bundespokal-2018-dm-halbfinale\/#primaryimage","url":"https:\/\/rw-moisling.de\/wp-content\/uploads\/2018\/09\/Beitragsbild.png","contentUrl":"https:\/\/rw-moisling.de\/wp-content\/uploads\/2018\/09\/Beitragsbild.png","width":648,"height":648,"caption":"DM Ebnat Plakat"},{"@type":"BreadcrumbList","@id":"https:\/\/rw-moisling.de\/index.php\/2018\/09\/26\/bundespokal-2018-dm-halbfinale\/#breadcrumb","itemListElement":[{"@type":"ListItem","position":1,"name":"Startseite","item":"https:\/\/rw-moisling.de\/"},{"@type":"ListItem","position":2,"name":"Bundespokal 2018\/ DM Halbfinale"}]},{"@type":"WebSite","@id":"https:\/\/rw-moisling.de\/#website","url":"https:\/\/rw-moisling.de\/","name":"Rot-Wei\u00df Moisling von 1911 e.V.","description":"","potentialAction":[{"@type":"SearchAction","target":{"@type":"EntryPoint","urlTemplate":"https:\/\/rw-moisling.de\/?s={search_term_string}"},"query-input":{"@type":"PropertyValueSpecification","valueRequired":true,"valueName":"search_term_string"}}],"inLanguage":"de"},{"@type":"Person","@id":"https:\/\/rw-moisling.de\/#\/schema\/person\/7e939f3a68a6a14f1fbb3439753d1a45","name":"admin","url":"https:\/\/rw-moisling.de\/index.php\/author\/admin\/"}]}},"_links":{"self":[{"href":"https:\/\/rw-moisling.de\/index.php\/wp-json\/wp\/v2\/posts\/1271","targetHints":{"allow":["GET"]}}],"collection":[{"href":"https:\/\/rw-moisling.de\/index.php\/wp-json\/wp\/v2\/posts"}],"about":[{"href":"https:\/\/rw-moisling.de\/index.php\/wp-json\/wp\/v2\/types\/post"}],"author":[{"embeddable":true,"href":"https:\/\/rw-moisling.de\/index.php\/wp-json\/wp\/v2\/users\/1"}],"replies":[{"embeddable":true,"href":"https:\/\/rw-moisling.de\/index.php\/wp-json\/wp\/v2\/comments?post=1271"}],"version-history":[{"count":7,"href":"https:\/\/rw-moisling.de\/index.php\/wp-json\/wp\/v2\/posts\/1271\/revisions"}],"predecessor-version":[{"id":1382,"href":"https:\/\/rw-moisling.de\/index.php\/wp-json\/wp\/v2\/posts\/1271\/revisions\/1382"}],"wp:featuredmedia":[{"embeddable":true,"href":"https:\/\/rw-moisling.de\/index.php\/wp-json\/wp\/v2\/media\/1294"}],"wp:attachment":[{"href":"https:\/\/rw-moisling.de\/index.php\/wp-json\/wp\/v2\/media?parent=1271"}],"wp:term":[{"taxonomy":"category","embeddable":true,"href":"https:\/\/rw-moisling.de\/index.php\/wp-json\/wp\/v2\/categories?post=1271"},{"taxonomy":"post_tag","embeddable":true,"href":"https:\/\/rw-moisling.de\/index.php\/wp-json\/wp\/v2\/tags?post=1271"}],"curies":[{"name":"wp","href":"https:\/\/api.w.org\/{rel}","templated":true}]}}