{"id":1131,"date":"2017-11-27T16:18:22","date_gmt":"2017-11-27T15:18:22","guid":{"rendered":"https:\/\/rw-moisling.de\/?p=1131"},"modified":"2018-09-26T21:09:27","modified_gmt":"2018-09-26T19:09:27","slug":"laendervergleichswettkampf-2017-in-schwerin","status":"publish","type":"post","link":"https:\/\/rw-moisling.de\/index.php\/2017\/11\/27\/laendervergleichswettkampf-2017-in-schwerin\/","title":{"rendered":"L\u00e4ndervergleichswettkampf 2017 in Schwerin"},"content":{"rendered":"<p><a href=\"https:\/\/rw-moisling.de\/wp-content\/uploads\/2018\/06\/csm_Laendervergleichswettkampf_2017_9aaf7e6d81.jpg\"><img loading=\"lazy\" decoding=\"async\" class=\"size-medium wp-image-1132 alignright\" src=\"https:\/\/rw-moisling.de\/wp-content\/uploads\/2018\/06\/csm_Laendervergleichswettkampf_2017_9aaf7e6d81-300x169.jpg\" alt=\"\" width=\"300\" height=\"169\" srcset=\"https:\/\/rw-moisling.de\/wp-content\/uploads\/2018\/06\/csm_Laendervergleichswettkampf_2017_9aaf7e6d81-300x169.jpg 300w, https:\/\/rw-moisling.de\/wp-content\/uploads\/2018\/06\/csm_Laendervergleichswettkampf_2017_9aaf7e6d81-768x432.jpg 768w, https:\/\/rw-moisling.de\/wp-content\/uploads\/2018\/06\/csm_Laendervergleichswettkampf_2017_9aaf7e6d81.jpg 800w\" sizes=\"auto, (max-width: 300px) 100vw, 300px\" \/><\/a>Am vergangenen Samstag fand auch f\u00fcr die Moislinger Kunstradfahrer der Saisonabschluss statt. Nachdem die Elite im Vierer-Einrad als deutscher Meister in die Winterpause ging, stand nur noch eine Veranstaltung dieses Jahr an: die Verteidigung des schleswig-holsteinischen Sieges beim L\u00e4ndervergleichswettkampf zwischen Schleswig-Holstein, Hamburg und Mecklenburg-Vorpommern.<\/p>\n<p>Dies gelang den Nordlichtern auch sehr knapp mit nur vier hunderstel Punkten vor Hamburg. Trotz durchweg sehr guter Leistungen war also der prozentuale Abzug nur ganz knapp geringer als der der Hamburger. Einige Punkte dahinter lag Mecklenburg-Vorpommern, da sehr viele Neulinge an den Start gingen und noch nicht die n\u00f6tige Routine zu finden war. Insgesamt war ein erfreulicher Zuwachs an Sportlern zu verzeichnen, den es nun am Sport zu halten gilt. In der Einzelwertung konnte sich der Heikendorfer SV \u00fcber die meisten Titel freuen, f\u00fcr Moisling gab es nur einen im Einer-Kunstfahren der Frauen. Aber auch die vielen zweiten, dritten sowie weiteren sehr guten Platzierungen trugen zum Titelgewinn bei.<\/p>\n","protected":false},"excerpt":{"rendered":"<p>Am vergangenen Samstag fand auch f\u00fcr die Moislinger Kunstradfahrer der Saisonabschluss statt. Nachdem die Elite im Vierer-Einrad als deutscher Meister in die Winterpause ging, stand nur noch eine Veranstaltung dieses Jahr an: die Verteidigung des&hellip;<\/p>\n","protected":false},"author":1,"featured_media":1132,"comment_status":"closed","ping_status":"closed","sticky":false,"template":"","format":"standard","meta":{"footnotes":""},"categories":[13],"tags":[],"class_list":["post-1131","post","type-post","status-publish","format-standard","has-post-thumbnail","hentry","category-news"],"yoast_head":"<!-- This site is optimized with the Yoast SEO plugin v27.5 - https:\/\/yoast.com\/product\/yoast-seo-wordpress\/ -->\n<title>L\u00e4ndervergleichswettkampf 2017 in Schwerin - Rot-Wei\u00df Moisling<\/title>\n<meta name=\"robots\" content=\"index, follow, max-snippet:-1, max-image-preview:large, max-video-preview:-1\" \/>\n<link rel=\"canonical\" href=\"https:\/\/rw-moisling.de\/index.php\/2017\/11\/27\/laendervergleichswettkampf-2017-in-schwerin\/\" \/>\n<meta property=\"og:locale\" content=\"de_DE\" \/>\n<meta property=\"og:type\" content=\"article\" \/>\n<meta property=\"og:title\" content=\"L\u00e4ndervergleichswettkampf 2017 in Schwerin - Rot-Wei\u00df Moisling\" \/>\n<meta property=\"og:description\" content=\"Am vergangenen Samstag fand auch f\u00fcr die Moislinger Kunstradfahrer der Saisonabschluss statt. Nachdem die Elite im Vierer-Einrad als deutscher Meister in die Winterpause ging, stand nur noch eine Veranstaltung dieses Jahr an: die Verteidigung des&hellip;\" \/>\n<meta property=\"og:url\" content=\"https:\/\/rw-moisling.de\/index.php\/2017\/11\/27\/laendervergleichswettkampf-2017-in-schwerin\/\" \/>\n<meta property=\"og:site_name\" content=\"Rot-Wei\u00df Moisling\" \/>\n<meta property=\"article:published_time\" content=\"2017-11-27T15:18:22+00:00\" \/>\n<meta property=\"article:modified_time\" content=\"2018-09-26T19:09:27+00:00\" \/>\n<meta property=\"og:image\" content=\"https:\/\/rw-moisling.de\/wp-content\/uploads\/2018\/06\/csm_Laendervergleichswettkampf_2017_9aaf7e6d81.jpg\" \/>\n\t<meta property=\"og:image:width\" content=\"800\" \/>\n\t<meta property=\"og:image:height\" content=\"450\" \/>\n\t<meta property=\"og:image:type\" content=\"image\/jpeg\" \/>\n<meta name=\"author\" content=\"admin\" \/>\n<meta name=\"twitter:card\" content=\"summary_large_image\" \/>\n<meta name=\"twitter:label1\" content=\"Verfasst von\" \/>\n\t<meta name=\"twitter:data1\" content=\"admin\" \/>\n\t<meta name=\"twitter:label2\" content=\"Gesch\u00e4tzte Lesezeit\" \/>\n\t<meta name=\"twitter:data2\" content=\"1\u00a0Minute\" \/>\n<script type=\"application\/ld+json\" class=\"yoast-schema-graph\">{\"@context\":\"https:\\\/\\\/schema.org\",\"@graph\":[{\"@type\":\"Article\",\"@id\":\"https:\\\/\\\/rw-moisling.de\\\/index.php\\\/2017\\\/11\\\/27\\\/laendervergleichswettkampf-2017-in-schwerin\\\/#article\",\"isPartOf\":{\"@id\":\"https:\\\/\\\/rw-moisling.de\\\/index.php\\\/2017\\\/11\\\/27\\\/laendervergleichswettkampf-2017-in-schwerin\\\/\"},\"author\":{\"name\":\"admin\",\"@id\":\"https:\\\/\\\/rw-moisling.de\\\/#\\\/schema\\\/person\\\/7e939f3a68a6a14f1fbb3439753d1a45\"},\"headline\":\"L\u00e4ndervergleichswettkampf 2017 in Schwerin\",\"datePublished\":\"2017-11-27T15:18:22+00:00\",\"dateModified\":\"2018-09-26T19:09:27+00:00\",\"mainEntityOfPage\":{\"@id\":\"https:\\\/\\\/rw-moisling.de\\\/index.php\\\/2017\\\/11\\\/27\\\/laendervergleichswettkampf-2017-in-schwerin\\\/\"},\"wordCount\":161,\"image\":{\"@id\":\"https:\\\/\\\/rw-moisling.de\\\/index.php\\\/2017\\\/11\\\/27\\\/laendervergleichswettkampf-2017-in-schwerin\\\/#primaryimage\"},\"thumbnailUrl\":\"https:\\\/\\\/rw-moisling.de\\\/wp-content\\\/uploads\\\/2018\\\/06\\\/csm_Laendervergleichswettkampf_2017_9aaf7e6d81.jpg\",\"articleSection\":[\"News\"],\"inLanguage\":\"de\"},{\"@type\":\"WebPage\",\"@id\":\"https:\\\/\\\/rw-moisling.de\\\/index.php\\\/2017\\\/11\\\/27\\\/laendervergleichswettkampf-2017-in-schwerin\\\/\",\"url\":\"https:\\\/\\\/rw-moisling.de\\\/index.php\\\/2017\\\/11\\\/27\\\/laendervergleichswettkampf-2017-in-schwerin\\\/\",\"name\":\"L\u00e4ndervergleichswettkampf 2017 in Schwerin - Rot-Wei\u00df Moisling\",\"isPartOf\":{\"@id\":\"https:\\\/\\\/rw-moisling.de\\\/#website\"},\"primaryImageOfPage\":{\"@id\":\"https:\\\/\\\/rw-moisling.de\\\/index.php\\\/2017\\\/11\\\/27\\\/laendervergleichswettkampf-2017-in-schwerin\\\/#primaryimage\"},\"image\":{\"@id\":\"https:\\\/\\\/rw-moisling.de\\\/index.php\\\/2017\\\/11\\\/27\\\/laendervergleichswettkampf-2017-in-schwerin\\\/#primaryimage\"},\"thumbnailUrl\":\"https:\\\/\\\/rw-moisling.de\\\/wp-content\\\/uploads\\\/2018\\\/06\\\/csm_Laendervergleichswettkampf_2017_9aaf7e6d81.jpg\",\"datePublished\":\"2017-11-27T15:18:22+00:00\",\"dateModified\":\"2018-09-26T19:09:27+00:00\",\"author\":{\"@id\":\"https:\\\/\\\/rw-moisling.de\\\/#\\\/schema\\\/person\\\/7e939f3a68a6a14f1fbb3439753d1a45\"},\"breadcrumb\":{\"@id\":\"https:\\\/\\\/rw-moisling.de\\\/index.php\\\/2017\\\/11\\\/27\\\/laendervergleichswettkampf-2017-in-schwerin\\\/#breadcrumb\"},\"inLanguage\":\"de\",\"potentialAction\":[{\"@type\":\"ReadAction\",\"target\":[\"https:\\\/\\\/rw-moisling.de\\\/index.php\\\/2017\\\/11\\\/27\\\/laendervergleichswettkampf-2017-in-schwerin\\\/\"]}]},{\"@type\":\"ImageObject\",\"inLanguage\":\"de\",\"@id\":\"https:\\\/\\\/rw-moisling.de\\\/index.php\\\/2017\\\/11\\\/27\\\/laendervergleichswettkampf-2017-in-schwerin\\\/#primaryimage\",\"url\":\"https:\\\/\\\/rw-moisling.de\\\/wp-content\\\/uploads\\\/2018\\\/06\\\/csm_Laendervergleichswettkampf_2017_9aaf7e6d81.jpg\",\"contentUrl\":\"https:\\\/\\\/rw-moisling.de\\\/wp-content\\\/uploads\\\/2018\\\/06\\\/csm_Laendervergleichswettkampf_2017_9aaf7e6d81.jpg\",\"width\":800,\"height\":450},{\"@type\":\"BreadcrumbList\",\"@id\":\"https:\\\/\\\/rw-moisling.de\\\/index.php\\\/2017\\\/11\\\/27\\\/laendervergleichswettkampf-2017-in-schwerin\\\/#breadcrumb\",\"itemListElement\":[{\"@type\":\"ListItem\",\"position\":1,\"name\":\"Startseite\",\"item\":\"https:\\\/\\\/rw-moisling.de\\\/\"},{\"@type\":\"ListItem\",\"position\":2,\"name\":\"L\u00e4ndervergleichswettkampf 2017 in Schwerin\"}]},{\"@type\":\"WebSite\",\"@id\":\"https:\\\/\\\/rw-moisling.de\\\/#website\",\"url\":\"https:\\\/\\\/rw-moisling.de\\\/\",\"name\":\"Rot-Wei\u00df Moisling von 1911 e.V.\",\"description\":\"\",\"potentialAction\":[{\"@type\":\"SearchAction\",\"target\":{\"@type\":\"EntryPoint\",\"urlTemplate\":\"https:\\\/\\\/rw-moisling.de\\\/?s={search_term_string}\"},\"query-input\":{\"@type\":\"PropertyValueSpecification\",\"valueRequired\":true,\"valueName\":\"search_term_string\"}}],\"inLanguage\":\"de\"},{\"@type\":\"Person\",\"@id\":\"https:\\\/\\\/rw-moisling.de\\\/#\\\/schema\\\/person\\\/7e939f3a68a6a14f1fbb3439753d1a45\",\"name\":\"admin\",\"url\":\"https:\\\/\\\/rw-moisling.de\\\/index.php\\\/author\\\/admin\\\/\"}]}<\/script>\n<!-- \/ Yoast SEO plugin. -->","yoast_head_json":{"title":"L\u00e4ndervergleichswettkampf 2017 in Schwerin - Rot-Wei\u00df Moisling","robots":{"index":"index","follow":"follow","max-snippet":"max-snippet:-1","max-image-preview":"max-image-preview:large","max-video-preview":"max-video-preview:-1"},"canonical":"https:\/\/rw-moisling.de\/index.php\/2017\/11\/27\/laendervergleichswettkampf-2017-in-schwerin\/","og_locale":"de_DE","og_type":"article","og_title":"L\u00e4ndervergleichswettkampf 2017 in Schwerin - Rot-Wei\u00df Moisling","og_description":"Am vergangenen Samstag fand auch f\u00fcr die Moislinger Kunstradfahrer der Saisonabschluss statt. Nachdem die Elite im Vierer-Einrad als deutscher Meister in die Winterpause ging, stand nur noch eine Veranstaltung dieses Jahr an: die Verteidigung des&hellip;","og_url":"https:\/\/rw-moisling.de\/index.php\/2017\/11\/27\/laendervergleichswettkampf-2017-in-schwerin\/","og_site_name":"Rot-Wei\u00df Moisling","article_published_time":"2017-11-27T15:18:22+00:00","article_modified_time":"2018-09-26T19:09:27+00:00","og_image":[{"width":800,"height":450,"url":"https:\/\/rw-moisling.de\/wp-content\/uploads\/2018\/06\/csm_Laendervergleichswettkampf_2017_9aaf7e6d81.jpg","type":"image\/jpeg"}],"author":"admin","twitter_card":"summary_large_image","twitter_misc":{"Verfasst von":"admin","Gesch\u00e4tzte Lesezeit":"1\u00a0Minute"},"schema":{"@context":"https:\/\/schema.org","@graph":[{"@type":"Article","@id":"https:\/\/rw-moisling.de\/index.php\/2017\/11\/27\/laendervergleichswettkampf-2017-in-schwerin\/#article","isPartOf":{"@id":"https:\/\/rw-moisling.de\/index.php\/2017\/11\/27\/laendervergleichswettkampf-2017-in-schwerin\/"},"author":{"name":"admin","@id":"https:\/\/rw-moisling.de\/#\/schema\/person\/7e939f3a68a6a14f1fbb3439753d1a45"},"headline":"L\u00e4ndervergleichswettkampf 2017 in Schwerin","datePublished":"2017-11-27T15:18:22+00:00","dateModified":"2018-09-26T19:09:27+00:00","mainEntityOfPage":{"@id":"https:\/\/rw-moisling.de\/index.php\/2017\/11\/27\/laendervergleichswettkampf-2017-in-schwerin\/"},"wordCount":161,"image":{"@id":"https:\/\/rw-moisling.de\/index.php\/2017\/11\/27\/laendervergleichswettkampf-2017-in-schwerin\/#primaryimage"},"thumbnailUrl":"https:\/\/rw-moisling.de\/wp-content\/uploads\/2018\/06\/csm_Laendervergleichswettkampf_2017_9aaf7e6d81.jpg","articleSection":["News"],"inLanguage":"de"},{"@type":"WebPage","@id":"https:\/\/rw-moisling.de\/index.php\/2017\/11\/27\/laendervergleichswettkampf-2017-in-schwerin\/","url":"https:\/\/rw-moisling.de\/index.php\/2017\/11\/27\/laendervergleichswettkampf-2017-in-schwerin\/","name":"L\u00e4ndervergleichswettkampf 2017 in Schwerin - Rot-Wei\u00df Moisling","isPartOf":{"@id":"https:\/\/rw-moisling.de\/#website"},"primaryImageOfPage":{"@id":"https:\/\/rw-moisling.de\/index.php\/2017\/11\/27\/laendervergleichswettkampf-2017-in-schwerin\/#primaryimage"},"image":{"@id":"https:\/\/rw-moisling.de\/index.php\/2017\/11\/27\/laendervergleichswettkampf-2017-in-schwerin\/#primaryimage"},"thumbnailUrl":"https:\/\/rw-moisling.de\/wp-content\/uploads\/2018\/06\/csm_Laendervergleichswettkampf_2017_9aaf7e6d81.jpg","datePublished":"2017-11-27T15:18:22+00:00","dateModified":"2018-09-26T19:09:27+00:00","author":{"@id":"https:\/\/rw-moisling.de\/#\/schema\/person\/7e939f3a68a6a14f1fbb3439753d1a45"},"breadcrumb":{"@id":"https:\/\/rw-moisling.de\/index.php\/2017\/11\/27\/laendervergleichswettkampf-2017-in-schwerin\/#breadcrumb"},"inLanguage":"de","potentialAction":[{"@type":"ReadAction","target":["https:\/\/rw-moisling.de\/index.php\/2017\/11\/27\/laendervergleichswettkampf-2017-in-schwerin\/"]}]},{"@type":"ImageObject","inLanguage":"de","@id":"https:\/\/rw-moisling.de\/index.php\/2017\/11\/27\/laendervergleichswettkampf-2017-in-schwerin\/#primaryimage","url":"https:\/\/rw-moisling.de\/wp-content\/uploads\/2018\/06\/csm_Laendervergleichswettkampf_2017_9aaf7e6d81.jpg","contentUrl":"https:\/\/rw-moisling.de\/wp-content\/uploads\/2018\/06\/csm_Laendervergleichswettkampf_2017_9aaf7e6d81.jpg","width":800,"height":450},{"@type":"BreadcrumbList","@id":"https:\/\/rw-moisling.de\/index.php\/2017\/11\/27\/laendervergleichswettkampf-2017-in-schwerin\/#breadcrumb","itemListElement":[{"@type":"ListItem","position":1,"name":"Startseite","item":"https:\/\/rw-moisling.de\/"},{"@type":"ListItem","position":2,"name":"L\u00e4ndervergleichswettkampf 2017 in Schwerin"}]},{"@type":"WebSite","@id":"https:\/\/rw-moisling.de\/#website","url":"https:\/\/rw-moisling.de\/","name":"Rot-Wei\u00df Moisling von 1911 e.V.","description":"","potentialAction":[{"@type":"SearchAction","target":{"@type":"EntryPoint","urlTemplate":"https:\/\/rw-moisling.de\/?s={search_term_string}"},"query-input":{"@type":"PropertyValueSpecification","valueRequired":true,"valueName":"search_term_string"}}],"inLanguage":"de"},{"@type":"Person","@id":"https:\/\/rw-moisling.de\/#\/schema\/person\/7e939f3a68a6a14f1fbb3439753d1a45","name":"admin","url":"https:\/\/rw-moisling.de\/index.php\/author\/admin\/"}]}},"_links":{"self":[{"href":"https:\/\/rw-moisling.de\/index.php\/wp-json\/wp\/v2\/posts\/1131","targetHints":{"allow":["GET"]}}],"collection":[{"href":"https:\/\/rw-moisling.de\/index.php\/wp-json\/wp\/v2\/posts"}],"about":[{"href":"https:\/\/rw-moisling.de\/index.php\/wp-json\/wp\/v2\/types\/post"}],"author":[{"embeddable":true,"href":"https:\/\/rw-moisling.de\/index.php\/wp-json\/wp\/v2\/users\/1"}],"replies":[{"embeddable":true,"href":"https:\/\/rw-moisling.de\/index.php\/wp-json\/wp\/v2\/comments?post=1131"}],"version-history":[{"count":1,"href":"https:\/\/rw-moisling.de\/index.php\/wp-json\/wp\/v2\/posts\/1131\/revisions"}],"predecessor-version":[{"id":1133,"href":"https:\/\/rw-moisling.de\/index.php\/wp-json\/wp\/v2\/posts\/1131\/revisions\/1133"}],"wp:featuredmedia":[{"embeddable":true,"href":"https:\/\/rw-moisling.de\/index.php\/wp-json\/wp\/v2\/media\/1132"}],"wp:attachment":[{"href":"https:\/\/rw-moisling.de\/index.php\/wp-json\/wp\/v2\/media?parent=1131"}],"wp:term":[{"taxonomy":"category","embeddable":true,"href":"https:\/\/rw-moisling.de\/index.php\/wp-json\/wp\/v2\/categories?post=1131"},{"taxonomy":"post_tag","embeddable":true,"href":"https:\/\/rw-moisling.de\/index.php\/wp-json\/wp\/v2\/tags?post=1131"}],"curies":[{"name":"wp","href":"https:\/\/api.w.org\/{rel}","templated":true}]}}